{"id":9784,"date":"2026-07-13T09:32:28","date_gmt":"2026-07-13T07:32:28","guid":{"rendered":"https:\/\/www.hotelcostabrava.com\/12e-edition-des-diners-accordes\/"},"modified":"2026-07-13T09:32:28","modified_gmt":"2026-07-13T07:32:28","slug":"12e-edition-des-diners-accordes","status":"publish","type":"post","link":"https:\/\/www.hotelcostabrava.com\/fr\/12e-edition-des-diners-accordes\/","title":{"rendered":"12e \u00e9dition des \u00ab D\u00eeners accord\u00e9s \u00bb"},"content":{"rendered":"<p><strong>Le 11 octobre au Restaurant Arad\u00ed avec le Celler Maset Plana. Cuisine et vins de l&rsquo;Empord\u00e0.<\/strong><\/p>\n<p>Comme depuis 12 ans, des cuisiniers de la Cuina de l&rsquo;Empordanet et des vignerons avec l&rsquo;Appellation d&rsquo;Origine Empord\u00e0 s&rsquo;unissent pour cr\u00e9er une exp\u00e9rience gastronomique unique.<\/p>\n<p>Dans cette \u00e9dition, le Restaurant Arad\u00ed et le Celler Maset Plana se combinent pour offrir une proposition de haute qualit\u00e9 pens\u00e9e pour \u00eatre savour\u00e9e avec tous les sens.<\/p>\n","protected":false},"excerpt":{"rendered":"<p>Le 11 octobre au Restaurant Arad\u00ed avec le Celler Maset Plana. Cuisine et vins de l&rsquo;Empord\u00e0. Comme depuis 12 ans, des cuisiniers de la Cuina de l&rsquo;Empordanet et des vignerons avec l&rsquo;Appellation d&rsquo;Origine Empord\u00e0 s&rsquo;unissent pour cr\u00e9er une exp\u00e9rience gastronomique unique. Dans cette \u00e9dition, le Restaurant Arad\u00ed et le Celler Maset Plana se combinent pour&hellip;&nbsp;<\/p>\n","protected":false},"author":1,"featured_media":8238,"comment_status":"closed","ping_status":"closed","sticky":false,"template":"","format":"standard","meta":{"_acf_changed":false,"neve_meta_sidebar":"","neve_meta_container":"","neve_meta_enable_content_width":"off","neve_meta_content_width":70,"neve_meta_title_alignment":"","neve_meta_author_avatar":"","neve_post_elements_order":"","neve_meta_disable_header":"","neve_meta_disable_footer":"","neve_meta_disable_title":"","neve_meta_reading_time":"","footnotes":""},"categories":[1],"tags":[],"class_list":["post-9784","post","type-post","status-publish","format-standard","has-post-thumbnail","hentry","category-uncategorized-ca"],"acf":[],"yoast_head":"<!-- This site is optimized with the Yoast SEO plugin v28.4 - https:\/\/yoast.com\/product\/yoast-seo-wordpress\/ -->\n<title>12e \u00e9dition des \u00ab D\u00eeners accord\u00e9s \u00bb | Hotel Costa Brava<\/title>\n<meta name=\"robots\" content=\"index, follow, max-snippet:-1, max-image-preview:large, max-video-preview:-1\" \/>\n<link rel=\"canonical\" href=\"https:\/\/www.hotelcostabrava.com\/fr\/12e-edition-des-diners-accordes\/\" \/>\n<meta property=\"og:locale\" content=\"fr_FR\" \/>\n<meta property=\"og:type\" content=\"article\" \/>\n<meta property=\"og:title\" content=\"12e \u00e9dition des \u00ab D\u00eeners accord\u00e9s \u00bb | Hotel Costa Brava\" \/>\n<meta property=\"og:description\" content=\"Le 11 octobre au Restaurant Arad\u00ed avec le Celler Maset Plana. Cuisine et vins de l&rsquo;Empord\u00e0. Comme depuis 12 ans, des cuisiniers de la Cuina de l&rsquo;Empordanet et des vignerons avec l&rsquo;Appellation d&rsquo;Origine Empord\u00e0 s&rsquo;unissent pour cr\u00e9er une exp\u00e9rience gastronomique unique. Dans cette \u00e9dition, le Restaurant Arad\u00ed et le Celler Maset Plana se combinent pour&hellip;&nbsp;\" \/>\n<meta property=\"og:url\" content=\"https:\/\/www.hotelcostabrava.com\/fr\/12e-edition-des-diners-accordes\/\" \/>\n<meta property=\"og:site_name\" content=\"Hotel Costa Brava\" \/>\n<meta property=\"article:published_time\" content=\"2026-07-13T07:32:28+00:00\" \/>\n<meta property=\"og:image\" content=\"https:\/\/www.hotelcostabrava.com\/wp-content\/uploads\/2026\/07\/CF9B8092.webp\" \/>\n\t<meta property=\"og:image:width\" content=\"2000\" \/>\n\t<meta property=\"og:image:height\" content=\"1290\" \/>\n\t<meta property=\"og:image:type\" content=\"image\/webp\" \/>\n<meta name=\"author\" content=\"Comunicaci\u00f3 Integral Neorg\" \/>\n<meta name=\"twitter:card\" content=\"summary_large_image\" \/>\n<meta name=\"twitter:label1\" content=\"\u00c9crit par\" \/>\n\t<meta name=\"twitter:data1\" content=\"Comunicaci\u00f3 Integral Neorg\" \/>\n\t<meta name=\"twitter:label2\" content=\"Dur\u00e9e de lecture estim\u00e9e\" \/>\n\t<meta name=\"twitter:data2\" content=\"1 minute\" \/>\n<script type=\"application\/ld+json\" class=\"yoast-schema-graph\">{\"@context\":\"https:\\\/\\\/schema.org\",\"@graph\":[{\"@type\":\"Article\",\"@id\":\"https:\\\/\\\/www.hotelcostabrava.com\\\/fr\\\/12e-edition-des-diners-accordes\\\/#article\",\"isPartOf\":{\"@id\":\"https:\\\/\\\/www.hotelcostabrava.com\\\/fr\\\/12e-edition-des-diners-accordes\\\/\"},\"author\":{\"name\":\"Comunicaci\u00f3 Integral Neorg\",\"@id\":\"https:\\\/\\\/www.hotelcostabrava.com\\\/fr\\\/#\\\/schema\\\/person\\\/b1ca867022e23628bd7054e89c819231\"},\"headline\":\"12e \u00e9dition des \u00ab D\u00eeners accord\u00e9s \u00bb\",\"datePublished\":\"2026-07-13T07:32:28+00:00\",\"mainEntityOfPage\":{\"@id\":\"https:\\\/\\\/www.hotelcostabrava.com\\\/fr\\\/12e-edition-des-diners-accordes\\\/\"},\"wordCount\":83,\"publisher\":{\"@id\":\"https:\\\/\\\/www.hotelcostabrava.com\\\/fr\\\/#organization\"},\"image\":{\"@id\":\"https:\\\/\\\/www.hotelcostabrava.com\\\/fr\\\/12e-edition-des-diners-accordes\\\/#primaryimage\"},\"thumbnailUrl\":\"https:\\\/\\\/www.hotelcostabrava.com\\\/wp-content\\\/uploads\\\/2026\\\/07\\\/CF9B8092.webp\",\"articleSection\":[\"Aromar Hotels\"],\"inLanguage\":\"fr-FR\"},{\"@type\":\"WebPage\",\"@id\":\"https:\\\/\\\/www.hotelcostabrava.com\\\/fr\\\/12e-edition-des-diners-accordes\\\/\",\"url\":\"https:\\\/\\\/www.hotelcostabrava.com\\\/fr\\\/12e-edition-des-diners-accordes\\\/\",\"name\":\"12e \u00e9dition des \u00ab D\u00eeners accord\u00e9s \u00bb | Hotel Costa Brava\",\"isPartOf\":{\"@id\":\"https:\\\/\\\/www.hotelcostabrava.com\\\/fr\\\/#website\"},\"primaryImageOfPage\":{\"@id\":\"https:\\\/\\\/www.hotelcostabrava.com\\\/fr\\\/12e-edition-des-diners-accordes\\\/#primaryimage\"},\"image\":{\"@id\":\"https:\\\/\\\/www.hotelcostabrava.com\\\/fr\\\/12e-edition-des-diners-accordes\\\/#primaryimage\"},\"thumbnailUrl\":\"https:\\\/\\\/www.hotelcostabrava.com\\\/wp-content\\\/uploads\\\/2026\\\/07\\\/CF9B8092.webp\",\"datePublished\":\"2026-07-13T07:32:28+00:00\",\"breadcrumb\":{\"@id\":\"https:\\\/\\\/www.hotelcostabrava.com\\\/fr\\\/12e-edition-des-diners-accordes\\\/#breadcrumb\"},\"inLanguage\":\"fr-FR\",\"potentialAction\":[{\"@type\":\"ReadAction\",\"target\":[\"https:\\\/\\\/www.hotelcostabrava.com\\\/fr\\\/12e-edition-des-diners-accordes\\\/\"]}]},{\"@type\":\"ImageObject\",\"inLanguage\":\"fr-FR\",\"@id\":\"https:\\\/\\\/www.hotelcostabrava.com\\\/fr\\\/12e-edition-des-diners-accordes\\\/#primaryimage\",\"url\":\"https:\\\/\\\/www.hotelcostabrava.com\\\/wp-content\\\/uploads\\\/2026\\\/07\\\/CF9B8092.webp\",\"contentUrl\":\"https:\\\/\\\/www.hotelcostabrava.com\\\/wp-content\\\/uploads\\\/2026\\\/07\\\/CF9B8092.webp\",\"width\":2000,\"height\":1290},{\"@type\":\"BreadcrumbList\",\"@id\":\"https:\\\/\\\/www.hotelcostabrava.com\\\/fr\\\/12e-edition-des-diners-accordes\\\/#breadcrumb\",\"itemListElement\":[{\"@type\":\"ListItem\",\"position\":1,\"name\":\"Portada\",\"item\":\"https:\\\/\\\/www.hotelcostabrava.com\\\/fr\\\/\"},{\"@type\":\"ListItem\",\"position\":2,\"name\":\"12e \u00e9dition des \u00ab D\u00eeners accord\u00e9s \u00bb\"}]},{\"@type\":\"WebSite\",\"@id\":\"https:\\\/\\\/www.hotelcostabrava.com\\\/fr\\\/#website\",\"url\":\"https:\\\/\\\/www.hotelcostabrava.com\\\/fr\\\/\",\"name\":\"Aromar Hotels & Restaurants\",\"description\":\"Hotel a primera l\u00ednia de mar a Platja d&#039;Aro, Costa Brava\",\"publisher\":{\"@id\":\"https:\\\/\\\/www.hotelcostabrava.com\\\/fr\\\/#organization\"},\"alternateName\":\"Aromar Hotels & Restaurants\",\"potentialAction\":[{\"@type\":\"SearchAction\",\"target\":{\"@type\":\"EntryPoint\",\"urlTemplate\":\"https:\\\/\\\/www.hotelcostabrava.com\\\/fr\\\/?s={search_term_string}\"},\"query-input\":{\"@type\":\"PropertyValueSpecification\",\"valueRequired\":true,\"valueName\":\"search_term_string\"}}],\"inLanguage\":\"fr-FR\"},{\"@type\":\"Organization\",\"@id\":\"https:\\\/\\\/www.hotelcostabrava.com\\\/fr\\\/#organization\",\"name\":\"Aromar Hotels\",\"alternateName\":\"Aromar Hotels\",\"url\":\"https:\\\/\\\/www.hotelcostabrava.com\\\/fr\\\/\",\"logo\":{\"@type\":\"ImageObject\",\"inLanguage\":\"fr-FR\",\"@id\":\"https:\\\/\\\/www.hotelcostabrava.com\\\/fr\\\/#\\\/schema\\\/logo\\\/image\\\/\",\"url\":\"https:\\\/\\\/www.hotelcostabrava.com\\\/wp-content\\\/uploads\\\/2024\\\/04\\\/Aromar-2.jpg\",\"contentUrl\":\"https:\\\/\\\/www.hotelcostabrava.com\\\/wp-content\\\/uploads\\\/2024\\\/04\\\/Aromar-2.jpg\",\"width\":696,\"height\":696,\"caption\":\"Aromar Hotels\"},\"image\":{\"@id\":\"https:\\\/\\\/www.hotelcostabrava.com\\\/fr\\\/#\\\/schema\\\/logo\\\/image\\\/\"}},{\"@type\":\"Person\",\"@id\":\"https:\\\/\\\/www.hotelcostabrava.com\\\/fr\\\/#\\\/schema\\\/person\\\/b1ca867022e23628bd7054e89c819231\",\"name\":\"Comunicaci\u00f3 Integral Neorg\",\"image\":{\"@type\":\"ImageObject\",\"inLanguage\":\"fr-FR\",\"@id\":\"https:\\\/\\\/secure.gravatar.com\\\/avatar\\\/709d3d8015183afa7401c02e2291a538cbfd4ffe62f4d86ce5f4871f22e86b09?s=96&d=mm&r=g\",\"url\":\"https:\\\/\\\/secure.gravatar.com\\\/avatar\\\/709d3d8015183afa7401c02e2291a538cbfd4ffe62f4d86ce5f4871f22e86b09?s=96&d=mm&r=g\",\"contentUrl\":\"https:\\\/\\\/secure.gravatar.com\\\/avatar\\\/709d3d8015183afa7401c02e2291a538cbfd4ffe62f4d86ce5f4871f22e86b09?s=96&d=mm&r=g\",\"caption\":\"Comunicaci\u00f3 Integral Neorg\"},\"sameAs\":[\"https:\\\/\\\/www.hotelcostabrava.com\"]}]}<\/script>\n<!-- \/ Yoast SEO plugin. -->","yoast_head_json":{"title":"12e \u00e9dition des \u00ab D\u00eeners accord\u00e9s \u00bb | Hotel Costa Brava","robots":{"index":"index","follow":"follow","max-snippet":"max-snippet:-1","max-image-preview":"max-image-preview:large","max-video-preview":"max-video-preview:-1"},"canonical":"https:\/\/www.hotelcostabrava.com\/fr\/12e-edition-des-diners-accordes\/","og_locale":"fr_FR","og_type":"article","og_title":"12e \u00e9dition des \u00ab D\u00eeners accord\u00e9s \u00bb | Hotel Costa Brava","og_description":"Le 11 octobre au Restaurant Arad\u00ed avec le Celler Maset Plana. Cuisine et vins de l&rsquo;Empord\u00e0. Comme depuis 12 ans, des cuisiniers de la Cuina de l&rsquo;Empordanet et des vignerons avec l&rsquo;Appellation d&rsquo;Origine Empord\u00e0 s&rsquo;unissent pour cr\u00e9er une exp\u00e9rience gastronomique unique. Dans cette \u00e9dition, le Restaurant Arad\u00ed et le Celler Maset Plana se combinent pour&hellip;&nbsp;","og_url":"https:\/\/www.hotelcostabrava.com\/fr\/12e-edition-des-diners-accordes\/","og_site_name":"Hotel Costa Brava","article_published_time":"2026-07-13T07:32:28+00:00","og_image":[{"width":2000,"height":1290,"url":"https:\/\/www.hotelcostabrava.com\/wp-content\/uploads\/2026\/07\/CF9B8092.webp","type":"image\/webp"}],"author":"Comunicaci\u00f3 Integral Neorg","twitter_card":"summary_large_image","twitter_misc":{"\u00c9crit par":"Comunicaci\u00f3 Integral Neorg","Dur\u00e9e de lecture estim\u00e9e":"1 minute"},"schema":{"@context":"https:\/\/schema.org","@graph":[{"@type":"Article","@id":"https:\/\/www.hotelcostabrava.com\/fr\/12e-edition-des-diners-accordes\/#article","isPartOf":{"@id":"https:\/\/www.hotelcostabrava.com\/fr\/12e-edition-des-diners-accordes\/"},"author":{"name":"Comunicaci\u00f3 Integral Neorg","@id":"https:\/\/www.hotelcostabrava.com\/fr\/#\/schema\/person\/b1ca867022e23628bd7054e89c819231"},"headline":"12e \u00e9dition des \u00ab D\u00eeners accord\u00e9s \u00bb","datePublished":"2026-07-13T07:32:28+00:00","mainEntityOfPage":{"@id":"https:\/\/www.hotelcostabrava.com\/fr\/12e-edition-des-diners-accordes\/"},"wordCount":83,"publisher":{"@id":"https:\/\/www.hotelcostabrava.com\/fr\/#organization"},"image":{"@id":"https:\/\/www.hotelcostabrava.com\/fr\/12e-edition-des-diners-accordes\/#primaryimage"},"thumbnailUrl":"https:\/\/www.hotelcostabrava.com\/wp-content\/uploads\/2026\/07\/CF9B8092.webp","articleSection":["Aromar Hotels"],"inLanguage":"fr-FR"},{"@type":"WebPage","@id":"https:\/\/www.hotelcostabrava.com\/fr\/12e-edition-des-diners-accordes\/","url":"https:\/\/www.hotelcostabrava.com\/fr\/12e-edition-des-diners-accordes\/","name":"12e \u00e9dition des \u00ab D\u00eeners accord\u00e9s \u00bb | Hotel Costa Brava","isPartOf":{"@id":"https:\/\/www.hotelcostabrava.com\/fr\/#website"},"primaryImageOfPage":{"@id":"https:\/\/www.hotelcostabrava.com\/fr\/12e-edition-des-diners-accordes\/#primaryimage"},"image":{"@id":"https:\/\/www.hotelcostabrava.com\/fr\/12e-edition-des-diners-accordes\/#primaryimage"},"thumbnailUrl":"https:\/\/www.hotelcostabrava.com\/wp-content\/uploads\/2026\/07\/CF9B8092.webp","datePublished":"2026-07-13T07:32:28+00:00","breadcrumb":{"@id":"https:\/\/www.hotelcostabrava.com\/fr\/12e-edition-des-diners-accordes\/#breadcrumb"},"inLanguage":"fr-FR","potentialAction":[{"@type":"ReadAction","target":["https:\/\/www.hotelcostabrava.com\/fr\/12e-edition-des-diners-accordes\/"]}]},{"@type":"ImageObject","inLanguage":"fr-FR","@id":"https:\/\/www.hotelcostabrava.com\/fr\/12e-edition-des-diners-accordes\/#primaryimage","url":"https:\/\/www.hotelcostabrava.com\/wp-content\/uploads\/2026\/07\/CF9B8092.webp","contentUrl":"https:\/\/www.hotelcostabrava.com\/wp-content\/uploads\/2026\/07\/CF9B8092.webp","width":2000,"height":1290},{"@type":"BreadcrumbList","@id":"https:\/\/www.hotelcostabrava.com\/fr\/12e-edition-des-diners-accordes\/#breadcrumb","itemListElement":[{"@type":"ListItem","position":1,"name":"Portada","item":"https:\/\/www.hotelcostabrava.com\/fr\/"},{"@type":"ListItem","position":2,"name":"12e \u00e9dition des \u00ab D\u00eeners accord\u00e9s \u00bb"}]},{"@type":"WebSite","@id":"https:\/\/www.hotelcostabrava.com\/fr\/#website","url":"https:\/\/www.hotelcostabrava.com\/fr\/","name":"Aromar Hotels & Restaurants","description":"Hotel a primera l\u00ednia de mar a Platja d&#039;Aro, Costa Brava","publisher":{"@id":"https:\/\/www.hotelcostabrava.com\/fr\/#organization"},"alternateName":"Aromar Hotels & Restaurants","potentialAction":[{"@type":"SearchAction","target":{"@type":"EntryPoint","urlTemplate":"https:\/\/www.hotelcostabrava.com\/fr\/?s={search_term_string}"},"query-input":{"@type":"PropertyValueSpecification","valueRequired":true,"valueName":"search_term_string"}}],"inLanguage":"fr-FR"},{"@type":"Organization","@id":"https:\/\/www.hotelcostabrava.com\/fr\/#organization","name":"Aromar Hotels","alternateName":"Aromar Hotels","url":"https:\/\/www.hotelcostabrava.com\/fr\/","logo":{"@type":"ImageObject","inLanguage":"fr-FR","@id":"https:\/\/www.hotelcostabrava.com\/fr\/#\/schema\/logo\/image\/","url":"https:\/\/www.hotelcostabrava.com\/wp-content\/uploads\/2024\/04\/Aromar-2.jpg","contentUrl":"https:\/\/www.hotelcostabrava.com\/wp-content\/uploads\/2024\/04\/Aromar-2.jpg","width":696,"height":696,"caption":"Aromar Hotels"},"image":{"@id":"https:\/\/www.hotelcostabrava.com\/fr\/#\/schema\/logo\/image\/"}},{"@type":"Person","@id":"https:\/\/www.hotelcostabrava.com\/fr\/#\/schema\/person\/b1ca867022e23628bd7054e89c819231","name":"Comunicaci\u00f3 Integral Neorg","image":{"@type":"ImageObject","inLanguage":"fr-FR","@id":"https:\/\/secure.gravatar.com\/avatar\/709d3d8015183afa7401c02e2291a538cbfd4ffe62f4d86ce5f4871f22e86b09?s=96&d=mm&r=g","url":"https:\/\/secure.gravatar.com\/avatar\/709d3d8015183afa7401c02e2291a538cbfd4ffe62f4d86ce5f4871f22e86b09?s=96&d=mm&r=g","contentUrl":"https:\/\/secure.gravatar.com\/avatar\/709d3d8015183afa7401c02e2291a538cbfd4ffe62f4d86ce5f4871f22e86b09?s=96&d=mm&r=g","caption":"Comunicaci\u00f3 Integral Neorg"},"sameAs":["https:\/\/www.hotelcostabrava.com"]}]}},"_links":{"self":[{"href":"https:\/\/www.hotelcostabrava.com\/fr\/wp-json\/wp\/v2\/posts\/9784","targetHints":{"allow":["GET"]}}],"collection":[{"href":"https:\/\/www.hotelcostabrava.com\/fr\/wp-json\/wp\/v2\/posts"}],"about":[{"href":"https:\/\/www.hotelcostabrava.com\/fr\/wp-json\/wp\/v2\/types\/post"}],"author":[{"embeddable":true,"href":"https:\/\/www.hotelcostabrava.com\/fr\/wp-json\/wp\/v2\/users\/1"}],"replies":[{"embeddable":true,"href":"https:\/\/www.hotelcostabrava.com\/fr\/wp-json\/wp\/v2\/comments?post=9784"}],"version-history":[{"count":0,"href":"https:\/\/www.hotelcostabrava.com\/fr\/wp-json\/wp\/v2\/posts\/9784\/revisions"}],"wp:featuredmedia":[{"embeddable":true,"href":"https:\/\/www.hotelcostabrava.com\/fr\/wp-json\/wp\/v2\/media\/8238"}],"wp:attachment":[{"href":"https:\/\/www.hotelcostabrava.com\/fr\/wp-json\/wp\/v2\/media?parent=9784"}],"wp:term":[{"taxonomy":"category","embeddable":true,"href":"https:\/\/www.hotelcostabrava.com\/fr\/wp-json\/wp\/v2\/categories?post=9784"},{"taxonomy":"post_tag","embeddable":true,"href":"https:\/\/www.hotelcostabrava.com\/fr\/wp-json\/wp\/v2\/tags?post=9784"}],"curies":[{"name":"wp","href":"https:\/\/api.w.org\/{rel}","templated":true}]}}