{"id":12102,"date":"2026-08-21T09:16:42","date_gmt":"2026-08-21T07:16:42","guid":{"rendered":"https:\/\/www.hotelcostabrava.com\/?p=12102"},"modified":"2026-08-31T11:54:02","modified_gmt":"2026-08-31T09:54:02","slug":"lhotel-costa-brava-une-destination-privilegiee","status":"publish","type":"post","link":"https:\/\/www.hotelcostabrava.com\/fr\/lhotel-costa-brava-une-destination-privilegiee\/","title":{"rendered":"L&rsquo;H\u00f4tel Costa Brava, une destination privil\u00e9gi\u00e9e"},"content":{"rendered":"<p>Voulez-vous d\u00e9couvrir Platja d&rsquo;Aro et la r\u00e9gion de l&rsquo;Empord\u00e0? L&rsquo;H\u00f4tel Costa Brava, situ\u00e9 sur les rochers sur le chemin du ronde, est votre meilleur choix.<\/p>\n<p>Voulez-vous d\u00e9couvrir\u00a0<strong>Platja d&rsquo;Aro et la r\u00e9gion de l&rsquo;Empord\u00e0<\/strong>? L&rsquo;<strong>H\u00f4tel Costa Brava<\/strong>, situ\u00e9 sur les rochers sur le chemin du ronde, est votre meilleur choix.<\/p>\n<p>Ses espaces uniques, ses chambres et ses terrasses offrant une excellente <strong>vue panoramique sur la mer. Et les villes de Platja d&rsquo;Aro, et Palam\u00f3s<\/strong>, l&rsquo;h\u00f4tel Costa Brava est une destination privil\u00e9gi\u00e9e pour profiter de la beaut\u00e9 de la nature de la Costa Brava. Dans l&rsquo;ensemble, le climat m\u00e9diterran\u00e9 est synonyme de soleil et de bon temps presque toute l&rsquo;ann\u00e9e.<\/p>\n<p>De l&rsquo;h\u00f4tel Costa Brava, vous pourrez d\u00e9couvrir les <strong>eaux cristallines, les plages et les criques de la Costa Brava<\/strong>, ainsi qu&rsquo;un\u00a0<strong>paysage spectaculaire qui regorge de sentiers<\/strong> pour faire du v\u00e9lo, de la marche ou de la course. Et si vous aimez le golf, \u00e0 Platja d&rsquo;Aro, vous avez la possibilit\u00e9 de le pratiquer dans diff\u00e9rents clubs.<\/p>\n<p>Platja d&rsquo;Aro est \u00e9galement une r\u00e9f\u00e9rence pour les amoreaux des magasins son\u00a0<strong>offre commerciale<\/strong> est large, avec des rues pleines d&rsquo;\u00e9tablissements commerciaux ouverts jusque tard dans la nuit.<\/p>\n<p>En plus, elle offre un large \u00e9ventail d&rsquo;\u00e9tablissements de bars et de restaurants de toutes sortes avec une\u00a0<strong>offre gastronomique<\/strong>\u00a0vari\u00e9e. Dans le m\u00eame h\u00f4tel Costa Brava, nous vous offrons un espace gastronomique, le\u00a0<strong>restaurant Can Poldo<\/strong>, sp\u00e9cialis\u00e9 dans les plats de fruits de mer et de riz.<\/p>\n<p>Le paysage de la Costa Brava et la grande vari\u00e9t\u00e9 d&rsquo;activit\u00e9s et de loisirs de Platja d&rsquo;Aro font de l&rsquo;h\u00f4tel Costa Brava une\u00a0<strong>destination privil\u00e9gi\u00e9e<\/strong>\u00a0pour passer quelques jours de vacances.<strong>R\u00e9servez maintenant!<\/strong><\/p>\n","protected":false},"excerpt":{"rendered":"<p>Voulez-vous d\u00e9couvrir Platja d&rsquo;Aro et la r\u00e9gion de l&rsquo;Empord\u00e0? L&rsquo;H\u00f4tel Costa Brava, situ\u00e9 sur les rochers sur le chemin du ronde, est votre meilleur choix. Voulez-vous d\u00e9couvrir\u00a0Platja d&rsquo;Aro et la r\u00e9gion de l&rsquo;Empord\u00e0? L&rsquo;H\u00f4tel Costa Brava, situ\u00e9 sur les rochers sur le chemin du ronde, est votre meilleur choix. Ses espaces uniques, ses chambres et&hellip;&nbsp;<\/p>\n","protected":false},"author":1,"featured_media":12101,"comment_status":"closed","ping_status":"closed","sticky":false,"template":"","format":"standard","meta":{"_acf_changed":false,"neve_meta_sidebar":"","neve_meta_container":"","neve_meta_enable_content_width":"off","neve_meta_content_width":100,"neve_meta_title_alignment":"","neve_meta_author_avatar":"","neve_post_elements_order":"","neve_meta_disable_header":"","neve_meta_disable_footer":"","neve_meta_disable_title":"","neve_meta_reading_time":"","footnotes":""},"categories":[27],"tags":[],"class_list":["post-12102","post","type-post","status-publish","format-standard","has-post-thumbnail","hentry","category-non-classifiee"],"acf":[],"yoast_head":"<!-- This site is optimized with the Yoast SEO plugin v28.4 - https:\/\/yoast.com\/product\/yoast-seo-wordpress\/ -->\n<title>L&#039;H\u00f4tel Costa Brava, une destination privil\u00e9gi\u00e9e | Hotel Costa Brava<\/title>\n<meta name=\"robots\" content=\"index, follow, max-snippet:-1, max-image-preview:large, max-video-preview:-1\" \/>\n<link rel=\"canonical\" href=\"https:\/\/www.hotelcostabrava.com\/fr\/lhotel-costa-brava-une-destination-privilegiee\/\" \/>\n<meta property=\"og:locale\" content=\"fr_FR\" \/>\n<meta property=\"og:type\" content=\"article\" \/>\n<meta property=\"og:title\" content=\"L&#039;H\u00f4tel Costa Brava, une destination privil\u00e9gi\u00e9e | Hotel Costa Brava\" \/>\n<meta property=\"og:description\" content=\"Voulez-vous d\u00e9couvrir Platja d&rsquo;Aro et la r\u00e9gion de l&rsquo;Empord\u00e0? L&rsquo;H\u00f4tel Costa Brava, situ\u00e9 sur les rochers sur le chemin du ronde, est votre meilleur choix. Voulez-vous d\u00e9couvrir\u00a0Platja d&rsquo;Aro et la r\u00e9gion de l&rsquo;Empord\u00e0? L&rsquo;H\u00f4tel Costa Brava, situ\u00e9 sur les rochers sur le chemin du ronde, est votre meilleur choix. Ses espaces uniques, ses chambres et&hellip;&nbsp;\" \/>\n<meta property=\"og:url\" content=\"https:\/\/www.hotelcostabrava.com\/fr\/lhotel-costa-brava-une-destination-privilegiee\/\" \/>\n<meta property=\"og:site_name\" content=\"Hotel Costa Brava\" \/>\n<meta property=\"article:published_time\" content=\"2026-08-21T07:16:42+00:00\" \/>\n<meta property=\"article:modified_time\" content=\"2026-08-31T09:54:02+00:00\" \/>\n<meta property=\"og:image\" content=\"https:\/\/www.hotelcostabrava.com\/wp-content\/uploads\/2026\/08\/IMG_7535_gran-copia.webp\" \/>\n\t<meta property=\"og:image:width\" content=\"1920\" \/>\n\t<meta property=\"og:image:height\" content=\"1278\" \/>\n\t<meta property=\"og:image:type\" content=\"image\/webp\" \/>\n<meta name=\"author\" content=\"Comunicaci\u00f3 Integral Neorg\" \/>\n<meta name=\"twitter:card\" content=\"summary_large_image\" \/>\n<meta name=\"twitter:label1\" content=\"\u00c9crit par\" \/>\n\t<meta name=\"twitter:data1\" content=\"Comunicaci\u00f3 Integral Neorg\" \/>\n\t<meta name=\"twitter:label2\" content=\"Dur\u00e9e de lecture estim\u00e9e\" \/>\n\t<meta name=\"twitter:data2\" content=\"2 minutes\" \/>\n<script type=\"application\/ld+json\" class=\"yoast-schema-graph\">{\"@context\":\"https:\\\/\\\/schema.org\",\"@graph\":[{\"@type\":\"Article\",\"@id\":\"https:\\\/\\\/www.hotelcostabrava.com\\\/fr\\\/lhotel-costa-brava-une-destination-privilegiee\\\/#article\",\"isPartOf\":{\"@id\":\"https:\\\/\\\/www.hotelcostabrava.com\\\/fr\\\/lhotel-costa-brava-une-destination-privilegiee\\\/\"},\"author\":{\"name\":\"Comunicaci\u00f3 Integral Neorg\",\"@id\":\"https:\\\/\\\/www.hotelcostabrava.com\\\/fr\\\/#\\\/schema\\\/person\\\/b1ca867022e23628bd7054e89c819231\"},\"headline\":\"L&rsquo;H\u00f4tel Costa Brava, une destination privil\u00e9gi\u00e9e\",\"datePublished\":\"2026-08-21T07:16:42+00:00\",\"dateModified\":\"2026-08-31T09:54:02+00:00\",\"mainEntityOfPage\":{\"@id\":\"https:\\\/\\\/www.hotelcostabrava.com\\\/fr\\\/lhotel-costa-brava-une-destination-privilegiee\\\/\"},\"wordCount\":331,\"publisher\":{\"@id\":\"https:\\\/\\\/www.hotelcostabrava.com\\\/fr\\\/#organization\"},\"image\":{\"@id\":\"https:\\\/\\\/www.hotelcostabrava.com\\\/fr\\\/lhotel-costa-brava-une-destination-privilegiee\\\/#primaryimage\"},\"thumbnailUrl\":\"https:\\\/\\\/www.hotelcostabrava.com\\\/wp-content\\\/uploads\\\/2026\\\/08\\\/IMG_7535_gran-copia.webp\",\"articleSection\":[\"Aromar Hotels\"],\"inLanguage\":\"fr-FR\"},{\"@type\":\"WebPage\",\"@id\":\"https:\\\/\\\/www.hotelcostabrava.com\\\/fr\\\/lhotel-costa-brava-une-destination-privilegiee\\\/\",\"url\":\"https:\\\/\\\/www.hotelcostabrava.com\\\/fr\\\/lhotel-costa-brava-une-destination-privilegiee\\\/\",\"name\":\"L'H\u00f4tel Costa Brava, une destination privil\u00e9gi\u00e9e | Hotel Costa Brava\",\"isPartOf\":{\"@id\":\"https:\\\/\\\/www.hotelcostabrava.com\\\/fr\\\/#website\"},\"primaryImageOfPage\":{\"@id\":\"https:\\\/\\\/www.hotelcostabrava.com\\\/fr\\\/lhotel-costa-brava-une-destination-privilegiee\\\/#primaryimage\"},\"image\":{\"@id\":\"https:\\\/\\\/www.hotelcostabrava.com\\\/fr\\\/lhotel-costa-brava-une-destination-privilegiee\\\/#primaryimage\"},\"thumbnailUrl\":\"https:\\\/\\\/www.hotelcostabrava.com\\\/wp-content\\\/uploads\\\/2026\\\/08\\\/IMG_7535_gran-copia.webp\",\"datePublished\":\"2026-08-21T07:16:42+00:00\",\"dateModified\":\"2026-08-31T09:54:02+00:00\",\"breadcrumb\":{\"@id\":\"https:\\\/\\\/www.hotelcostabrava.com\\\/fr\\\/lhotel-costa-brava-une-destination-privilegiee\\\/#breadcrumb\"},\"inLanguage\":\"fr-FR\",\"potentialAction\":[{\"@type\":\"ReadAction\",\"target\":[\"https:\\\/\\\/www.hotelcostabrava.com\\\/fr\\\/lhotel-costa-brava-une-destination-privilegiee\\\/\"]}]},{\"@type\":\"ImageObject\",\"inLanguage\":\"fr-FR\",\"@id\":\"https:\\\/\\\/www.hotelcostabrava.com\\\/fr\\\/lhotel-costa-brava-une-destination-privilegiee\\\/#primaryimage\",\"url\":\"https:\\\/\\\/www.hotelcostabrava.com\\\/wp-content\\\/uploads\\\/2026\\\/08\\\/IMG_7535_gran-copia.webp\",\"contentUrl\":\"https:\\\/\\\/www.hotelcostabrava.com\\\/wp-content\\\/uploads\\\/2026\\\/08\\\/IMG_7535_gran-copia.webp\",\"width\":1920,\"height\":1278},{\"@type\":\"BreadcrumbList\",\"@id\":\"https:\\\/\\\/www.hotelcostabrava.com\\\/fr\\\/lhotel-costa-brava-une-destination-privilegiee\\\/#breadcrumb\",\"itemListElement\":[{\"@type\":\"ListItem\",\"position\":1,\"name\":\"Portada\",\"item\":\"https:\\\/\\\/www.hotelcostabrava.com\\\/fr\\\/\"},{\"@type\":\"ListItem\",\"position\":2,\"name\":\"L&#8217;H\u00f4tel Costa Brava, une destination privil\u00e9gi\u00e9e\"}]},{\"@type\":\"WebSite\",\"@id\":\"https:\\\/\\\/www.hotelcostabrava.com\\\/fr\\\/#website\",\"url\":\"https:\\\/\\\/www.hotelcostabrava.com\\\/fr\\\/\",\"name\":\"Aromar Hotels & Restaurants\",\"description\":\"Hotel a primera l\u00ednia de mar a Platja d&#039;Aro, Costa Brava\",\"publisher\":{\"@id\":\"https:\\\/\\\/www.hotelcostabrava.com\\\/fr\\\/#organization\"},\"alternateName\":\"Aromar Hotels & Restaurants\",\"potentialAction\":[{\"@type\":\"SearchAction\",\"target\":{\"@type\":\"EntryPoint\",\"urlTemplate\":\"https:\\\/\\\/www.hotelcostabrava.com\\\/fr\\\/?s={search_term_string}\"},\"query-input\":{\"@type\":\"PropertyValueSpecification\",\"valueRequired\":true,\"valueName\":\"search_term_string\"}}],\"inLanguage\":\"fr-FR\"},{\"@type\":\"Organization\",\"@id\":\"https:\\\/\\\/www.hotelcostabrava.com\\\/fr\\\/#organization\",\"name\":\"Aromar Hotels\",\"alternateName\":\"Aromar Hotels\",\"url\":\"https:\\\/\\\/www.hotelcostabrava.com\\\/fr\\\/\",\"logo\":{\"@type\":\"ImageObject\",\"inLanguage\":\"fr-FR\",\"@id\":\"https:\\\/\\\/www.hotelcostabrava.com\\\/fr\\\/#\\\/schema\\\/logo\\\/image\\\/\",\"url\":\"https:\\\/\\\/www.hotelcostabrava.com\\\/wp-content\\\/uploads\\\/2024\\\/04\\\/Aromar-2.jpg\",\"contentUrl\":\"https:\\\/\\\/www.hotelcostabrava.com\\\/wp-content\\\/uploads\\\/2024\\\/04\\\/Aromar-2.jpg\",\"width\":696,\"height\":696,\"caption\":\"Aromar Hotels\"},\"image\":{\"@id\":\"https:\\\/\\\/www.hotelcostabrava.com\\\/fr\\\/#\\\/schema\\\/logo\\\/image\\\/\"}},{\"@type\":\"Person\",\"@id\":\"https:\\\/\\\/www.hotelcostabrava.com\\\/fr\\\/#\\\/schema\\\/person\\\/b1ca867022e23628bd7054e89c819231\",\"name\":\"Comunicaci\u00f3 Integral Neorg\",\"image\":{\"@type\":\"ImageObject\",\"inLanguage\":\"fr-FR\",\"@id\":\"https:\\\/\\\/secure.gravatar.com\\\/avatar\\\/709d3d8015183afa7401c02e2291a538cbfd4ffe62f4d86ce5f4871f22e86b09?s=96&d=mm&r=g\",\"url\":\"https:\\\/\\\/secure.gravatar.com\\\/avatar\\\/709d3d8015183afa7401c02e2291a538cbfd4ffe62f4d86ce5f4871f22e86b09?s=96&d=mm&r=g\",\"contentUrl\":\"https:\\\/\\\/secure.gravatar.com\\\/avatar\\\/709d3d8015183afa7401c02e2291a538cbfd4ffe62f4d86ce5f4871f22e86b09?s=96&d=mm&r=g\",\"caption\":\"Comunicaci\u00f3 Integral Neorg\"},\"sameAs\":[\"https:\\\/\\\/www.hotelcostabrava.com\"]}]}<\/script>\n<!-- \/ Yoast SEO plugin. -->","yoast_head_json":{"title":"L'H\u00f4tel Costa Brava, une destination privil\u00e9gi\u00e9e | Hotel Costa Brava","robots":{"index":"index","follow":"follow","max-snippet":"max-snippet:-1","max-image-preview":"max-image-preview:large","max-video-preview":"max-video-preview:-1"},"canonical":"https:\/\/www.hotelcostabrava.com\/fr\/lhotel-costa-brava-une-destination-privilegiee\/","og_locale":"fr_FR","og_type":"article","og_title":"L'H\u00f4tel Costa Brava, une destination privil\u00e9gi\u00e9e | Hotel Costa Brava","og_description":"Voulez-vous d\u00e9couvrir Platja d&rsquo;Aro et la r\u00e9gion de l&rsquo;Empord\u00e0? L&rsquo;H\u00f4tel Costa Brava, situ\u00e9 sur les rochers sur le chemin du ronde, est votre meilleur choix. Voulez-vous d\u00e9couvrir\u00a0Platja d&rsquo;Aro et la r\u00e9gion de l&rsquo;Empord\u00e0? L&rsquo;H\u00f4tel Costa Brava, situ\u00e9 sur les rochers sur le chemin du ronde, est votre meilleur choix. Ses espaces uniques, ses chambres et&hellip;&nbsp;","og_url":"https:\/\/www.hotelcostabrava.com\/fr\/lhotel-costa-brava-une-destination-privilegiee\/","og_site_name":"Hotel Costa Brava","article_published_time":"2026-08-21T07:16:42+00:00","article_modified_time":"2026-08-31T09:54:02+00:00","og_image":[{"width":1920,"height":1278,"url":"https:\/\/www.hotelcostabrava.com\/wp-content\/uploads\/2026\/08\/IMG_7535_gran-copia.webp","type":"image\/webp"}],"author":"Comunicaci\u00f3 Integral Neorg","twitter_card":"summary_large_image","twitter_misc":{"\u00c9crit par":"Comunicaci\u00f3 Integral Neorg","Dur\u00e9e de lecture estim\u00e9e":"2 minutes"},"schema":{"@context":"https:\/\/schema.org","@graph":[{"@type":"Article","@id":"https:\/\/www.hotelcostabrava.com\/fr\/lhotel-costa-brava-une-destination-privilegiee\/#article","isPartOf":{"@id":"https:\/\/www.hotelcostabrava.com\/fr\/lhotel-costa-brava-une-destination-privilegiee\/"},"author":{"name":"Comunicaci\u00f3 Integral Neorg","@id":"https:\/\/www.hotelcostabrava.com\/fr\/#\/schema\/person\/b1ca867022e23628bd7054e89c819231"},"headline":"L&rsquo;H\u00f4tel Costa Brava, une destination privil\u00e9gi\u00e9e","datePublished":"2026-08-21T07:16:42+00:00","dateModified":"2026-08-31T09:54:02+00:00","mainEntityOfPage":{"@id":"https:\/\/www.hotelcostabrava.com\/fr\/lhotel-costa-brava-une-destination-privilegiee\/"},"wordCount":331,"publisher":{"@id":"https:\/\/www.hotelcostabrava.com\/fr\/#organization"},"image":{"@id":"https:\/\/www.hotelcostabrava.com\/fr\/lhotel-costa-brava-une-destination-privilegiee\/#primaryimage"},"thumbnailUrl":"https:\/\/www.hotelcostabrava.com\/wp-content\/uploads\/2026\/08\/IMG_7535_gran-copia.webp","articleSection":["Aromar Hotels"],"inLanguage":"fr-FR"},{"@type":"WebPage","@id":"https:\/\/www.hotelcostabrava.com\/fr\/lhotel-costa-brava-une-destination-privilegiee\/","url":"https:\/\/www.hotelcostabrava.com\/fr\/lhotel-costa-brava-une-destination-privilegiee\/","name":"L'H\u00f4tel Costa Brava, une destination privil\u00e9gi\u00e9e | Hotel Costa Brava","isPartOf":{"@id":"https:\/\/www.hotelcostabrava.com\/fr\/#website"},"primaryImageOfPage":{"@id":"https:\/\/www.hotelcostabrava.com\/fr\/lhotel-costa-brava-une-destination-privilegiee\/#primaryimage"},"image":{"@id":"https:\/\/www.hotelcostabrava.com\/fr\/lhotel-costa-brava-une-destination-privilegiee\/#primaryimage"},"thumbnailUrl":"https:\/\/www.hotelcostabrava.com\/wp-content\/uploads\/2026\/08\/IMG_7535_gran-copia.webp","datePublished":"2026-08-21T07:16:42+00:00","dateModified":"2026-08-31T09:54:02+00:00","breadcrumb":{"@id":"https:\/\/www.hotelcostabrava.com\/fr\/lhotel-costa-brava-une-destination-privilegiee\/#breadcrumb"},"inLanguage":"fr-FR","potentialAction":[{"@type":"ReadAction","target":["https:\/\/www.hotelcostabrava.com\/fr\/lhotel-costa-brava-une-destination-privilegiee\/"]}]},{"@type":"ImageObject","inLanguage":"fr-FR","@id":"https:\/\/www.hotelcostabrava.com\/fr\/lhotel-costa-brava-une-destination-privilegiee\/#primaryimage","url":"https:\/\/www.hotelcostabrava.com\/wp-content\/uploads\/2026\/08\/IMG_7535_gran-copia.webp","contentUrl":"https:\/\/www.hotelcostabrava.com\/wp-content\/uploads\/2026\/08\/IMG_7535_gran-copia.webp","width":1920,"height":1278},{"@type":"BreadcrumbList","@id":"https:\/\/www.hotelcostabrava.com\/fr\/lhotel-costa-brava-une-destination-privilegiee\/#breadcrumb","itemListElement":[{"@type":"ListItem","position":1,"name":"Portada","item":"https:\/\/www.hotelcostabrava.com\/fr\/"},{"@type":"ListItem","position":2,"name":"L&#8217;H\u00f4tel Costa Brava, une destination privil\u00e9gi\u00e9e"}]},{"@type":"WebSite","@id":"https:\/\/www.hotelcostabrava.com\/fr\/#website","url":"https:\/\/www.hotelcostabrava.com\/fr\/","name":"Aromar Hotels & Restaurants","description":"Hotel a primera l\u00ednia de mar a Platja d&#039;Aro, Costa Brava","publisher":{"@id":"https:\/\/www.hotelcostabrava.com\/fr\/#organization"},"alternateName":"Aromar Hotels & Restaurants","potentialAction":[{"@type":"SearchAction","target":{"@type":"EntryPoint","urlTemplate":"https:\/\/www.hotelcostabrava.com\/fr\/?s={search_term_string}"},"query-input":{"@type":"PropertyValueSpecification","valueRequired":true,"valueName":"search_term_string"}}],"inLanguage":"fr-FR"},{"@type":"Organization","@id":"https:\/\/www.hotelcostabrava.com\/fr\/#organization","name":"Aromar Hotels","alternateName":"Aromar Hotels","url":"https:\/\/www.hotelcostabrava.com\/fr\/","logo":{"@type":"ImageObject","inLanguage":"fr-FR","@id":"https:\/\/www.hotelcostabrava.com\/fr\/#\/schema\/logo\/image\/","url":"https:\/\/www.hotelcostabrava.com\/wp-content\/uploads\/2024\/04\/Aromar-2.jpg","contentUrl":"https:\/\/www.hotelcostabrava.com\/wp-content\/uploads\/2024\/04\/Aromar-2.jpg","width":696,"height":696,"caption":"Aromar Hotels"},"image":{"@id":"https:\/\/www.hotelcostabrava.com\/fr\/#\/schema\/logo\/image\/"}},{"@type":"Person","@id":"https:\/\/www.hotelcostabrava.com\/fr\/#\/schema\/person\/b1ca867022e23628bd7054e89c819231","name":"Comunicaci\u00f3 Integral Neorg","image":{"@type":"ImageObject","inLanguage":"fr-FR","@id":"https:\/\/secure.gravatar.com\/avatar\/709d3d8015183afa7401c02e2291a538cbfd4ffe62f4d86ce5f4871f22e86b09?s=96&d=mm&r=g","url":"https:\/\/secure.gravatar.com\/avatar\/709d3d8015183afa7401c02e2291a538cbfd4ffe62f4d86ce5f4871f22e86b09?s=96&d=mm&r=g","contentUrl":"https:\/\/secure.gravatar.com\/avatar\/709d3d8015183afa7401c02e2291a538cbfd4ffe62f4d86ce5f4871f22e86b09?s=96&d=mm&r=g","caption":"Comunicaci\u00f3 Integral Neorg"},"sameAs":["https:\/\/www.hotelcostabrava.com"]}]}},"_links":{"self":[{"href":"https:\/\/www.hotelcostabrava.com\/fr\/wp-json\/wp\/v2\/posts\/12102","targetHints":{"allow":["GET"]}}],"collection":[{"href":"https:\/\/www.hotelcostabrava.com\/fr\/wp-json\/wp\/v2\/posts"}],"about":[{"href":"https:\/\/www.hotelcostabrava.com\/fr\/wp-json\/wp\/v2\/types\/post"}],"author":[{"embeddable":true,"href":"https:\/\/www.hotelcostabrava.com\/fr\/wp-json\/wp\/v2\/users\/1"}],"replies":[{"embeddable":true,"href":"https:\/\/www.hotelcostabrava.com\/fr\/wp-json\/wp\/v2\/comments?post=12102"}],"version-history":[{"count":1,"href":"https:\/\/www.hotelcostabrava.com\/fr\/wp-json\/wp\/v2\/posts\/12102\/revisions"}],"predecessor-version":[{"id":12103,"href":"https:\/\/www.hotelcostabrava.com\/fr\/wp-json\/wp\/v2\/posts\/12102\/revisions\/12103"}],"wp:featuredmedia":[{"embeddable":true,"href":"https:\/\/www.hotelcostabrava.com\/fr\/wp-json\/wp\/v2\/media\/12101"}],"wp:attachment":[{"href":"https:\/\/www.hotelcostabrava.com\/fr\/wp-json\/wp\/v2\/media?parent=12102"}],"wp:term":[{"taxonomy":"category","embeddable":true,"href":"https:\/\/www.hotelcostabrava.com\/fr\/wp-json\/wp\/v2\/categories?post=12102"},{"taxonomy":"post_tag","embeddable":true,"href":"https:\/\/www.hotelcostabrava.com\/fr\/wp-json\/wp\/v2\/tags?post=12102"}],"curies":[{"name":"wp","href":"https:\/\/api.w.org\/{rel}","templated":true}]}}