{"id":12034,"date":"2026-08-21T09:02:31","date_gmt":"2026-08-21T07:02:31","guid":{"rendered":"https:\/\/www.hotelcostabrava.com\/?p=12034"},"modified":"2026-08-31T11:05:03","modified_gmt":"2026-08-31T09:05:03","slug":"le-restaurant-aradi-sinstalle-a-lhotel-costa-brava","status":"publish","type":"post","link":"https:\/\/www.hotelcostabrava.com\/fr\/le-restaurant-aradi-sinstalle-a-lhotel-costa-brava\/","title":{"rendered":"Le restaurant Aradi s&rsquo;installe \u00e0 l&rsquo;h\u00f4tel Costa Brava"},"content":{"rendered":"<p>\u00c0 partir du 26 mars 2021, le restaurant Aradi sera situ\u00e9 \u00e0 l&rsquo;h\u00f4tel Costa Brava.<\/p>\n<p>\u00c0 partir du 26 mars 2021, le restaurant Aradi sera situ\u00e9 \u00e0 l&rsquo;h\u00f4tel Costa Brava, avec une vue privil\u00e9gi\u00e9e sur la mer.<\/p>\n<p>Ce changement se traduira par des avantages pour les deux parties. Aradi gagnera un emplacement imbattable, avec une terrasse enviable sur Cala Rovira, et l&rsquo;H\u00f4tel Costa Brava augmentera la qualit\u00e9 de son restaurant et aura une offre gastronomique fantastique.<\/p>\n<p>Un autre avantage est qu&rsquo;Aradi prolongera la saison et sera ouvert toute l&rsquo;ann\u00e9e. L&rsquo;h\u00f4tel Costa Brava est situ\u00e9 \u00e0 seulement 200 m\u00e8tres de l&rsquo;ancien emplacement de l&rsquo;Aradi, \u00e0 quelques minutes \u00e0 pied de l&rsquo;h\u00f4tel.<\/p>\n<p>Fond\u00e9 en 1963 par la famille Comas, le restaurant Aradi maintiendra son offre gastronomique et son service. La cuisine traditionnelle m\u00e9diterran\u00e9enne de saison continuera \u00e0 d\u00e9finir son offre gastronomique, avec un soin tout particulier dans le choix du produit et en constante \u00e9volution. Le chef Blai Florensa continue de diriger le projet et s&rsquo;installe \u00e0 l&rsquo;h\u00f4tel Costa Brava avec son \u00e9quipe.<\/p>\n<p>Le restaurant servira les clients de l&rsquo;h\u00f4tel mais sera \u00e9galement ouvert \u00e0 ceux qui ne s\u00e9journent pas et qui souhaitent d\u00e9jeuner ou d\u00eener et profiter de la cuisine, toujours sur r\u00e9servation pr\u00e9alable.<\/p>\n<p>Vous pouvez consulter le menu du jour et la carte de notre restaurant sur notre site internet.<\/p>\n<p>Horaires d&rsquo;ouverture: du lundi au dimanche, petits-d\u00e9jeuners d<strong>e 7h30 \u00e0 10h30,<\/strong>\u00a0d\u00e9jeuner de<strong>\u00a013h00 \u00e0 16h00<\/strong>\u00a0et d\u00eener de\u00a0<strong>20h00 \u00e0 23h00<\/strong><\/p>\n<p>Pour les r\u00e9servations dans notre restaurant<strong>\u00a0972 81 73 76<\/strong><\/p>\n","protected":false},"excerpt":{"rendered":"<p>\u00c0 partir du 26 mars 2021, le restaurant Aradi sera situ\u00e9 \u00e0 l&rsquo;h\u00f4tel Costa Brava. \u00c0 partir du 26 mars 2021, le restaurant Aradi sera situ\u00e9 \u00e0 l&rsquo;h\u00f4tel Costa Brava, avec une vue privil\u00e9gi\u00e9e sur la mer. Ce changement se traduira par des avantages pour les deux parties. Aradi gagnera un emplacement imbattable, avec une&hellip;&nbsp;<\/p>\n","protected":false},"author":1,"featured_media":12033,"comment_status":"closed","ping_status":"closed","sticky":false,"template":"","format":"standard","meta":{"_acf_changed":false,"neve_meta_sidebar":"","neve_meta_container":"","neve_meta_enable_content_width":"off","neve_meta_content_width":100,"neve_meta_title_alignment":"","neve_meta_author_avatar":"","neve_post_elements_order":"","neve_meta_disable_header":"","neve_meta_disable_footer":"","neve_meta_disable_title":"","neve_meta_reading_time":"","footnotes":""},"categories":[27],"tags":[],"class_list":["post-12034","post","type-post","status-publish","format-standard","has-post-thumbnail","hentry","category-non-classifiee"],"acf":[],"yoast_head":"<!-- This site is optimized with the Yoast SEO plugin v28.4 - https:\/\/yoast.com\/product\/yoast-seo-wordpress\/ -->\n<title>Le restaurant Aradi s&#039;installe \u00e0 l&#039;h\u00f4tel Costa Brava | Hotel Costa Brava<\/title>\n<meta name=\"robots\" content=\"index, follow, max-snippet:-1, max-image-preview:large, max-video-preview:-1\" \/>\n<link rel=\"canonical\" href=\"https:\/\/www.hotelcostabrava.com\/fr\/le-restaurant-aradi-sinstalle-a-lhotel-costa-brava\/\" \/>\n<meta property=\"og:locale\" content=\"fr_FR\" \/>\n<meta property=\"og:type\" content=\"article\" \/>\n<meta property=\"og:title\" content=\"Le restaurant Aradi s&#039;installe \u00e0 l&#039;h\u00f4tel Costa Brava | Hotel Costa Brava\" \/>\n<meta property=\"og:description\" content=\"\u00c0 partir du 26 mars 2021, le restaurant Aradi sera situ\u00e9 \u00e0 l&rsquo;h\u00f4tel Costa Brava. \u00c0 partir du 26 mars 2021, le restaurant Aradi sera situ\u00e9 \u00e0 l&rsquo;h\u00f4tel Costa Brava, avec une vue privil\u00e9gi\u00e9e sur la mer. Ce changement se traduira par des avantages pour les deux parties. Aradi gagnera un emplacement imbattable, avec une&hellip;&nbsp;\" \/>\n<meta property=\"og:url\" content=\"https:\/\/www.hotelcostabrava.com\/fr\/le-restaurant-aradi-sinstalle-a-lhotel-costa-brava\/\" \/>\n<meta property=\"og:site_name\" content=\"Hotel Costa Brava\" \/>\n<meta property=\"article:published_time\" content=\"2026-08-21T07:02:31+00:00\" \/>\n<meta property=\"article:modified_time\" content=\"2026-08-31T09:05:03+00:00\" \/>\n<meta property=\"og:image\" content=\"https:\/\/www.hotelcostabrava.com\/wp-content\/uploads\/2026\/08\/Tataki_de_tonyina_270718_portada-copia.webp\" \/>\n\t<meta property=\"og:image:width\" content=\"1455\" \/>\n\t<meta property=\"og:image:height\" content=\"931\" \/>\n\t<meta property=\"og:image:type\" content=\"image\/webp\" \/>\n<meta name=\"author\" content=\"Comunicaci\u00f3 Integral Neorg\" \/>\n<meta name=\"twitter:card\" content=\"summary_large_image\" \/>\n<meta name=\"twitter:label1\" content=\"\u00c9crit par\" \/>\n\t<meta name=\"twitter:data1\" content=\"Comunicaci\u00f3 Integral Neorg\" \/>\n\t<meta name=\"twitter:label2\" content=\"Dur\u00e9e de lecture estim\u00e9e\" \/>\n\t<meta name=\"twitter:data2\" content=\"2 minutes\" \/>\n<script type=\"application\/ld+json\" class=\"yoast-schema-graph\">{\"@context\":\"https:\\\/\\\/schema.org\",\"@graph\":[{\"@type\":\"Article\",\"@id\":\"https:\\\/\\\/www.hotelcostabrava.com\\\/fr\\\/le-restaurant-aradi-sinstalle-a-lhotel-costa-brava\\\/#article\",\"isPartOf\":{\"@id\":\"https:\\\/\\\/www.hotelcostabrava.com\\\/fr\\\/le-restaurant-aradi-sinstalle-a-lhotel-costa-brava\\\/\"},\"author\":{\"name\":\"Comunicaci\u00f3 Integral Neorg\",\"@id\":\"https:\\\/\\\/www.hotelcostabrava.com\\\/fr\\\/#\\\/schema\\\/person\\\/b1ca867022e23628bd7054e89c819231\"},\"headline\":\"Le restaurant Aradi s&rsquo;installe \u00e0 l&rsquo;h\u00f4tel Costa Brava\",\"datePublished\":\"2026-08-21T07:02:31+00:00\",\"dateModified\":\"2026-08-31T09:05:03+00:00\",\"mainEntityOfPage\":{\"@id\":\"https:\\\/\\\/www.hotelcostabrava.com\\\/fr\\\/le-restaurant-aradi-sinstalle-a-lhotel-costa-brava\\\/\"},\"wordCount\":275,\"publisher\":{\"@id\":\"https:\\\/\\\/www.hotelcostabrava.com\\\/fr\\\/#organization\"},\"image\":{\"@id\":\"https:\\\/\\\/www.hotelcostabrava.com\\\/fr\\\/le-restaurant-aradi-sinstalle-a-lhotel-costa-brava\\\/#primaryimage\"},\"thumbnailUrl\":\"https:\\\/\\\/www.hotelcostabrava.com\\\/wp-content\\\/uploads\\\/2026\\\/08\\\/Tataki_de_tonyina_270718_portada-copia.webp\",\"articleSection\":[\"Aromar Hotels\"],\"inLanguage\":\"fr-FR\"},{\"@type\":\"WebPage\",\"@id\":\"https:\\\/\\\/www.hotelcostabrava.com\\\/fr\\\/le-restaurant-aradi-sinstalle-a-lhotel-costa-brava\\\/\",\"url\":\"https:\\\/\\\/www.hotelcostabrava.com\\\/fr\\\/le-restaurant-aradi-sinstalle-a-lhotel-costa-brava\\\/\",\"name\":\"Le restaurant Aradi s'installe \u00e0 l'h\u00f4tel Costa Brava | Hotel Costa Brava\",\"isPartOf\":{\"@id\":\"https:\\\/\\\/www.hotelcostabrava.com\\\/fr\\\/#website\"},\"primaryImageOfPage\":{\"@id\":\"https:\\\/\\\/www.hotelcostabrava.com\\\/fr\\\/le-restaurant-aradi-sinstalle-a-lhotel-costa-brava\\\/#primaryimage\"},\"image\":{\"@id\":\"https:\\\/\\\/www.hotelcostabrava.com\\\/fr\\\/le-restaurant-aradi-sinstalle-a-lhotel-costa-brava\\\/#primaryimage\"},\"thumbnailUrl\":\"https:\\\/\\\/www.hotelcostabrava.com\\\/wp-content\\\/uploads\\\/2026\\\/08\\\/Tataki_de_tonyina_270718_portada-copia.webp\",\"datePublished\":\"2026-08-21T07:02:31+00:00\",\"dateModified\":\"2026-08-31T09:05:03+00:00\",\"breadcrumb\":{\"@id\":\"https:\\\/\\\/www.hotelcostabrava.com\\\/fr\\\/le-restaurant-aradi-sinstalle-a-lhotel-costa-brava\\\/#breadcrumb\"},\"inLanguage\":\"fr-FR\",\"potentialAction\":[{\"@type\":\"ReadAction\",\"target\":[\"https:\\\/\\\/www.hotelcostabrava.com\\\/fr\\\/le-restaurant-aradi-sinstalle-a-lhotel-costa-brava\\\/\"]}]},{\"@type\":\"ImageObject\",\"inLanguage\":\"fr-FR\",\"@id\":\"https:\\\/\\\/www.hotelcostabrava.com\\\/fr\\\/le-restaurant-aradi-sinstalle-a-lhotel-costa-brava\\\/#primaryimage\",\"url\":\"https:\\\/\\\/www.hotelcostabrava.com\\\/wp-content\\\/uploads\\\/2026\\\/08\\\/Tataki_de_tonyina_270718_portada-copia.webp\",\"contentUrl\":\"https:\\\/\\\/www.hotelcostabrava.com\\\/wp-content\\\/uploads\\\/2026\\\/08\\\/Tataki_de_tonyina_270718_portada-copia.webp\",\"width\":1455,\"height\":931},{\"@type\":\"BreadcrumbList\",\"@id\":\"https:\\\/\\\/www.hotelcostabrava.com\\\/fr\\\/le-restaurant-aradi-sinstalle-a-lhotel-costa-brava\\\/#breadcrumb\",\"itemListElement\":[{\"@type\":\"ListItem\",\"position\":1,\"name\":\"Portada\",\"item\":\"https:\\\/\\\/www.hotelcostabrava.com\\\/fr\\\/\"},{\"@type\":\"ListItem\",\"position\":2,\"name\":\"Le restaurant Aradi s&#8217;installe \u00e0 l&#8217;h\u00f4tel Costa Brava\"}]},{\"@type\":\"WebSite\",\"@id\":\"https:\\\/\\\/www.hotelcostabrava.com\\\/fr\\\/#website\",\"url\":\"https:\\\/\\\/www.hotelcostabrava.com\\\/fr\\\/\",\"name\":\"Aromar Hotels & Restaurants\",\"description\":\"Hotel a primera l\u00ednia de mar a Platja d&#039;Aro, Costa Brava\",\"publisher\":{\"@id\":\"https:\\\/\\\/www.hotelcostabrava.com\\\/fr\\\/#organization\"},\"alternateName\":\"Aromar Hotels & Restaurants\",\"potentialAction\":[{\"@type\":\"SearchAction\",\"target\":{\"@type\":\"EntryPoint\",\"urlTemplate\":\"https:\\\/\\\/www.hotelcostabrava.com\\\/fr\\\/?s={search_term_string}\"},\"query-input\":{\"@type\":\"PropertyValueSpecification\",\"valueRequired\":true,\"valueName\":\"search_term_string\"}}],\"inLanguage\":\"fr-FR\"},{\"@type\":\"Organization\",\"@id\":\"https:\\\/\\\/www.hotelcostabrava.com\\\/fr\\\/#organization\",\"name\":\"Aromar Hotels\",\"alternateName\":\"Aromar Hotels\",\"url\":\"https:\\\/\\\/www.hotelcostabrava.com\\\/fr\\\/\",\"logo\":{\"@type\":\"ImageObject\",\"inLanguage\":\"fr-FR\",\"@id\":\"https:\\\/\\\/www.hotelcostabrava.com\\\/fr\\\/#\\\/schema\\\/logo\\\/image\\\/\",\"url\":\"https:\\\/\\\/www.hotelcostabrava.com\\\/wp-content\\\/uploads\\\/2024\\\/04\\\/Aromar-2.jpg\",\"contentUrl\":\"https:\\\/\\\/www.hotelcostabrava.com\\\/wp-content\\\/uploads\\\/2024\\\/04\\\/Aromar-2.jpg\",\"width\":696,\"height\":696,\"caption\":\"Aromar Hotels\"},\"image\":{\"@id\":\"https:\\\/\\\/www.hotelcostabrava.com\\\/fr\\\/#\\\/schema\\\/logo\\\/image\\\/\"}},{\"@type\":\"Person\",\"@id\":\"https:\\\/\\\/www.hotelcostabrava.com\\\/fr\\\/#\\\/schema\\\/person\\\/b1ca867022e23628bd7054e89c819231\",\"name\":\"Comunicaci\u00f3 Integral Neorg\",\"image\":{\"@type\":\"ImageObject\",\"inLanguage\":\"fr-FR\",\"@id\":\"https:\\\/\\\/secure.gravatar.com\\\/avatar\\\/709d3d8015183afa7401c02e2291a538cbfd4ffe62f4d86ce5f4871f22e86b09?s=96&d=mm&r=g\",\"url\":\"https:\\\/\\\/secure.gravatar.com\\\/avatar\\\/709d3d8015183afa7401c02e2291a538cbfd4ffe62f4d86ce5f4871f22e86b09?s=96&d=mm&r=g\",\"contentUrl\":\"https:\\\/\\\/secure.gravatar.com\\\/avatar\\\/709d3d8015183afa7401c02e2291a538cbfd4ffe62f4d86ce5f4871f22e86b09?s=96&d=mm&r=g\",\"caption\":\"Comunicaci\u00f3 Integral Neorg\"},\"sameAs\":[\"https:\\\/\\\/www.hotelcostabrava.com\"]}]}<\/script>\n<!-- \/ Yoast SEO plugin. -->","yoast_head_json":{"title":"Le restaurant Aradi s'installe \u00e0 l'h\u00f4tel Costa Brava | Hotel Costa Brava","robots":{"index":"index","follow":"follow","max-snippet":"max-snippet:-1","max-image-preview":"max-image-preview:large","max-video-preview":"max-video-preview:-1"},"canonical":"https:\/\/www.hotelcostabrava.com\/fr\/le-restaurant-aradi-sinstalle-a-lhotel-costa-brava\/","og_locale":"fr_FR","og_type":"article","og_title":"Le restaurant Aradi s'installe \u00e0 l'h\u00f4tel Costa Brava | Hotel Costa Brava","og_description":"\u00c0 partir du 26 mars 2021, le restaurant Aradi sera situ\u00e9 \u00e0 l&rsquo;h\u00f4tel Costa Brava. \u00c0 partir du 26 mars 2021, le restaurant Aradi sera situ\u00e9 \u00e0 l&rsquo;h\u00f4tel Costa Brava, avec une vue privil\u00e9gi\u00e9e sur la mer. Ce changement se traduira par des avantages pour les deux parties. Aradi gagnera un emplacement imbattable, avec une&hellip;&nbsp;","og_url":"https:\/\/www.hotelcostabrava.com\/fr\/le-restaurant-aradi-sinstalle-a-lhotel-costa-brava\/","og_site_name":"Hotel Costa Brava","article_published_time":"2026-08-21T07:02:31+00:00","article_modified_time":"2026-08-31T09:05:03+00:00","og_image":[{"width":1455,"height":931,"url":"https:\/\/www.hotelcostabrava.com\/wp-content\/uploads\/2026\/08\/Tataki_de_tonyina_270718_portada-copia.webp","type":"image\/webp"}],"author":"Comunicaci\u00f3 Integral Neorg","twitter_card":"summary_large_image","twitter_misc":{"\u00c9crit par":"Comunicaci\u00f3 Integral Neorg","Dur\u00e9e de lecture estim\u00e9e":"2 minutes"},"schema":{"@context":"https:\/\/schema.org","@graph":[{"@type":"Article","@id":"https:\/\/www.hotelcostabrava.com\/fr\/le-restaurant-aradi-sinstalle-a-lhotel-costa-brava\/#article","isPartOf":{"@id":"https:\/\/www.hotelcostabrava.com\/fr\/le-restaurant-aradi-sinstalle-a-lhotel-costa-brava\/"},"author":{"name":"Comunicaci\u00f3 Integral Neorg","@id":"https:\/\/www.hotelcostabrava.com\/fr\/#\/schema\/person\/b1ca867022e23628bd7054e89c819231"},"headline":"Le restaurant Aradi s&rsquo;installe \u00e0 l&rsquo;h\u00f4tel Costa Brava","datePublished":"2026-08-21T07:02:31+00:00","dateModified":"2026-08-31T09:05:03+00:00","mainEntityOfPage":{"@id":"https:\/\/www.hotelcostabrava.com\/fr\/le-restaurant-aradi-sinstalle-a-lhotel-costa-brava\/"},"wordCount":275,"publisher":{"@id":"https:\/\/www.hotelcostabrava.com\/fr\/#organization"},"image":{"@id":"https:\/\/www.hotelcostabrava.com\/fr\/le-restaurant-aradi-sinstalle-a-lhotel-costa-brava\/#primaryimage"},"thumbnailUrl":"https:\/\/www.hotelcostabrava.com\/wp-content\/uploads\/2026\/08\/Tataki_de_tonyina_270718_portada-copia.webp","articleSection":["Aromar Hotels"],"inLanguage":"fr-FR"},{"@type":"WebPage","@id":"https:\/\/www.hotelcostabrava.com\/fr\/le-restaurant-aradi-sinstalle-a-lhotel-costa-brava\/","url":"https:\/\/www.hotelcostabrava.com\/fr\/le-restaurant-aradi-sinstalle-a-lhotel-costa-brava\/","name":"Le restaurant Aradi s'installe \u00e0 l'h\u00f4tel Costa Brava | Hotel Costa Brava","isPartOf":{"@id":"https:\/\/www.hotelcostabrava.com\/fr\/#website"},"primaryImageOfPage":{"@id":"https:\/\/www.hotelcostabrava.com\/fr\/le-restaurant-aradi-sinstalle-a-lhotel-costa-brava\/#primaryimage"},"image":{"@id":"https:\/\/www.hotelcostabrava.com\/fr\/le-restaurant-aradi-sinstalle-a-lhotel-costa-brava\/#primaryimage"},"thumbnailUrl":"https:\/\/www.hotelcostabrava.com\/wp-content\/uploads\/2026\/08\/Tataki_de_tonyina_270718_portada-copia.webp","datePublished":"2026-08-21T07:02:31+00:00","dateModified":"2026-08-31T09:05:03+00:00","breadcrumb":{"@id":"https:\/\/www.hotelcostabrava.com\/fr\/le-restaurant-aradi-sinstalle-a-lhotel-costa-brava\/#breadcrumb"},"inLanguage":"fr-FR","potentialAction":[{"@type":"ReadAction","target":["https:\/\/www.hotelcostabrava.com\/fr\/le-restaurant-aradi-sinstalle-a-lhotel-costa-brava\/"]}]},{"@type":"ImageObject","inLanguage":"fr-FR","@id":"https:\/\/www.hotelcostabrava.com\/fr\/le-restaurant-aradi-sinstalle-a-lhotel-costa-brava\/#primaryimage","url":"https:\/\/www.hotelcostabrava.com\/wp-content\/uploads\/2026\/08\/Tataki_de_tonyina_270718_portada-copia.webp","contentUrl":"https:\/\/www.hotelcostabrava.com\/wp-content\/uploads\/2026\/08\/Tataki_de_tonyina_270718_portada-copia.webp","width":1455,"height":931},{"@type":"BreadcrumbList","@id":"https:\/\/www.hotelcostabrava.com\/fr\/le-restaurant-aradi-sinstalle-a-lhotel-costa-brava\/#breadcrumb","itemListElement":[{"@type":"ListItem","position":1,"name":"Portada","item":"https:\/\/www.hotelcostabrava.com\/fr\/"},{"@type":"ListItem","position":2,"name":"Le restaurant Aradi s&#8217;installe \u00e0 l&#8217;h\u00f4tel Costa Brava"}]},{"@type":"WebSite","@id":"https:\/\/www.hotelcostabrava.com\/fr\/#website","url":"https:\/\/www.hotelcostabrava.com\/fr\/","name":"Aromar Hotels & Restaurants","description":"Hotel a primera l\u00ednia de mar a Platja d&#039;Aro, Costa Brava","publisher":{"@id":"https:\/\/www.hotelcostabrava.com\/fr\/#organization"},"alternateName":"Aromar Hotels & Restaurants","potentialAction":[{"@type":"SearchAction","target":{"@type":"EntryPoint","urlTemplate":"https:\/\/www.hotelcostabrava.com\/fr\/?s={search_term_string}"},"query-input":{"@type":"PropertyValueSpecification","valueRequired":true,"valueName":"search_term_string"}}],"inLanguage":"fr-FR"},{"@type":"Organization","@id":"https:\/\/www.hotelcostabrava.com\/fr\/#organization","name":"Aromar Hotels","alternateName":"Aromar Hotels","url":"https:\/\/www.hotelcostabrava.com\/fr\/","logo":{"@type":"ImageObject","inLanguage":"fr-FR","@id":"https:\/\/www.hotelcostabrava.com\/fr\/#\/schema\/logo\/image\/","url":"https:\/\/www.hotelcostabrava.com\/wp-content\/uploads\/2024\/04\/Aromar-2.jpg","contentUrl":"https:\/\/www.hotelcostabrava.com\/wp-content\/uploads\/2024\/04\/Aromar-2.jpg","width":696,"height":696,"caption":"Aromar Hotels"},"image":{"@id":"https:\/\/www.hotelcostabrava.com\/fr\/#\/schema\/logo\/image\/"}},{"@type":"Person","@id":"https:\/\/www.hotelcostabrava.com\/fr\/#\/schema\/person\/b1ca867022e23628bd7054e89c819231","name":"Comunicaci\u00f3 Integral Neorg","image":{"@type":"ImageObject","inLanguage":"fr-FR","@id":"https:\/\/secure.gravatar.com\/avatar\/709d3d8015183afa7401c02e2291a538cbfd4ffe62f4d86ce5f4871f22e86b09?s=96&d=mm&r=g","url":"https:\/\/secure.gravatar.com\/avatar\/709d3d8015183afa7401c02e2291a538cbfd4ffe62f4d86ce5f4871f22e86b09?s=96&d=mm&r=g","contentUrl":"https:\/\/secure.gravatar.com\/avatar\/709d3d8015183afa7401c02e2291a538cbfd4ffe62f4d86ce5f4871f22e86b09?s=96&d=mm&r=g","caption":"Comunicaci\u00f3 Integral Neorg"},"sameAs":["https:\/\/www.hotelcostabrava.com"]}]}},"_links":{"self":[{"href":"https:\/\/www.hotelcostabrava.com\/fr\/wp-json\/wp\/v2\/posts\/12034","targetHints":{"allow":["GET"]}}],"collection":[{"href":"https:\/\/www.hotelcostabrava.com\/fr\/wp-json\/wp\/v2\/posts"}],"about":[{"href":"https:\/\/www.hotelcostabrava.com\/fr\/wp-json\/wp\/v2\/types\/post"}],"author":[{"embeddable":true,"href":"https:\/\/www.hotelcostabrava.com\/fr\/wp-json\/wp\/v2\/users\/1"}],"replies":[{"embeddable":true,"href":"https:\/\/www.hotelcostabrava.com\/fr\/wp-json\/wp\/v2\/comments?post=12034"}],"version-history":[{"count":1,"href":"https:\/\/www.hotelcostabrava.com\/fr\/wp-json\/wp\/v2\/posts\/12034\/revisions"}],"predecessor-version":[{"id":12035,"href":"https:\/\/www.hotelcostabrava.com\/fr\/wp-json\/wp\/v2\/posts\/12034\/revisions\/12035"}],"wp:featuredmedia":[{"embeddable":true,"href":"https:\/\/www.hotelcostabrava.com\/fr\/wp-json\/wp\/v2\/media\/12033"}],"wp:attachment":[{"href":"https:\/\/www.hotelcostabrava.com\/fr\/wp-json\/wp\/v2\/media?parent=12034"}],"wp:term":[{"taxonomy":"category","embeddable":true,"href":"https:\/\/www.hotelcostabrava.com\/fr\/wp-json\/wp\/v2\/categories?post=12034"},{"taxonomy":"post_tag","embeddable":true,"href":"https:\/\/www.hotelcostabrava.com\/fr\/wp-json\/wp\/v2\/tags?post=12034"}],"curies":[{"name":"wp","href":"https:\/\/api.w.org\/{rel}","templated":true}]}}