{"id":11974,"date":"2026-08-21T08:45:13","date_gmt":"2026-08-21T06:45:13","guid":{"rendered":"https:\/\/www.hotelcostabrava.com\/?p=11974"},"modified":"2026-08-31T10:22:25","modified_gmt":"2026-08-31T08:22:25","slug":"tapas-dete-a-lhotel-costa-brava-2026","status":"publish","type":"post","link":"https:\/\/www.hotelcostabrava.com\/fr\/tapas-dete-a-lhotel-costa-brava-2026\/","title":{"rendered":"Tapas d&rsquo;\u00e9t\u00e9 \u00e0 l&rsquo;H\u00f4tel Costa Brava 2026"},"content":{"rendered":"<p><strong>Du 29 juin au 28 ao\u00fbt \u00b7 Les lundis, mercredis et vendredis<\/strong><\/p>\n<p>Cet \u00e9t\u00e9, l&rsquo;H\u00f4tel Costa Brava vous propose \u00e0 nouveau une d\u00e9licieuse s\u00e9lection de tapas de saison, imagin\u00e9es pour profiter pleinement des beaux jours et de l&rsquo;ambiance m\u00e9diterran\u00e9enne.<\/p>\n<p>\u00c0 d\u00e9guster du 29 juin au 28 ao\u00fbt, tous les lundis, mercredis et vendredis.<\/p>\n","protected":false},"excerpt":{"rendered":"<p>Du 29 juin au 28 ao\u00fbt \u00b7 Les lundis, mercredis et vendredis Cet \u00e9t\u00e9, l&rsquo;H\u00f4tel Costa Brava vous propose \u00e0 nouveau une d\u00e9licieuse s\u00e9lection de tapas de saison, imagin\u00e9es pour profiter pleinement des beaux jours et de l&rsquo;ambiance m\u00e9diterran\u00e9enne. \u00c0 d\u00e9guster du 29 juin au 28 ao\u00fbt, tous les lundis, mercredis et vendredis.<\/p>\n","protected":false},"author":1,"featured_media":11973,"comment_status":"closed","ping_status":"closed","sticky":false,"template":"","format":"standard","meta":{"_acf_changed":false,"neve_meta_sidebar":"","neve_meta_container":"","neve_meta_enable_content_width":"off","neve_meta_content_width":100,"neve_meta_title_alignment":"","neve_meta_author_avatar":"","neve_post_elements_order":"","neve_meta_disable_header":"","neve_meta_disable_footer":"","neve_meta_disable_title":"","neve_meta_reading_time":"","footnotes":""},"categories":[27],"tags":[],"class_list":["post-11974","post","type-post","status-publish","format-standard","has-post-thumbnail","hentry","category-non-classifiee"],"acf":[],"yoast_head":"<!-- This site is optimized with the Yoast SEO plugin v28.4 - https:\/\/yoast.com\/product\/yoast-seo-wordpress\/ -->\n<title>Tapas d&#039;\u00e9t\u00e9 \u00e0 l&#039;H\u00f4tel Costa Brava 2026 | Hotel Costa Brava<\/title>\n<meta name=\"robots\" content=\"index, follow, max-snippet:-1, max-image-preview:large, max-video-preview:-1\" \/>\n<link rel=\"canonical\" href=\"https:\/\/www.hotelcostabrava.com\/fr\/tapas-dete-a-lhotel-costa-brava-2026\/\" \/>\n<meta property=\"og:locale\" content=\"fr_FR\" \/>\n<meta property=\"og:type\" content=\"article\" \/>\n<meta property=\"og:title\" content=\"Tapas d&#039;\u00e9t\u00e9 \u00e0 l&#039;H\u00f4tel Costa Brava 2026 | Hotel Costa Brava\" \/>\n<meta property=\"og:description\" content=\"Du 29 juin au 28 ao\u00fbt \u00b7 Les lundis, mercredis et vendredis Cet \u00e9t\u00e9, l&rsquo;H\u00f4tel Costa Brava vous propose \u00e0 nouveau une d\u00e9licieuse s\u00e9lection de tapas de saison, imagin\u00e9es pour profiter pleinement des beaux jours et de l&rsquo;ambiance m\u00e9diterran\u00e9enne. \u00c0 d\u00e9guster du 29 juin au 28 ao\u00fbt, tous les lundis, mercredis et vendredis.\" \/>\n<meta property=\"og:url\" content=\"https:\/\/www.hotelcostabrava.com\/fr\/tapas-dete-a-lhotel-costa-brava-2026\/\" \/>\n<meta property=\"og:site_name\" content=\"Hotel Costa Brava\" \/>\n<meta property=\"article:published_time\" content=\"2026-08-21T06:45:13+00:00\" \/>\n<meta property=\"article:modified_time\" content=\"2026-08-31T08:22:25+00:00\" \/>\n<meta property=\"og:image\" content=\"https:\/\/www.hotelcostabrava.com\/wp-content\/uploads\/2026\/08\/FILES_ITEMS_1086_TAPAS_HCB_10_____W_575.jpg\" \/>\n\t<meta property=\"og:image:width\" content=\"575\" \/>\n\t<meta property=\"og:image:height\" content=\"813\" \/>\n\t<meta property=\"og:image:type\" content=\"image\/jpeg\" \/>\n<meta name=\"author\" content=\"Comunicaci\u00f3 Integral Neorg\" \/>\n<meta name=\"twitter:card\" content=\"summary_large_image\" \/>\n<meta name=\"twitter:label1\" content=\"\u00c9crit par\" \/>\n\t<meta name=\"twitter:data1\" content=\"Comunicaci\u00f3 Integral Neorg\" \/>\n\t<meta name=\"twitter:label2\" content=\"Dur\u00e9e de lecture estim\u00e9e\" \/>\n\t<meta name=\"twitter:data2\" content=\"1 minute\" \/>\n<script type=\"application\/ld+json\" class=\"yoast-schema-graph\">{\"@context\":\"https:\\\/\\\/schema.org\",\"@graph\":[{\"@type\":\"Article\",\"@id\":\"https:\\\/\\\/www.hotelcostabrava.com\\\/fr\\\/tapas-dete-a-lhotel-costa-brava-2026\\\/#article\",\"isPartOf\":{\"@id\":\"https:\\\/\\\/www.hotelcostabrava.com\\\/fr\\\/tapas-dete-a-lhotel-costa-brava-2026\\\/\"},\"author\":{\"name\":\"Comunicaci\u00f3 Integral Neorg\",\"@id\":\"https:\\\/\\\/www.hotelcostabrava.com\\\/fr\\\/#\\\/schema\\\/person\\\/b1ca867022e23628bd7054e89c819231\"},\"headline\":\"Tapas d&rsquo;\u00e9t\u00e9 \u00e0 l&rsquo;H\u00f4tel Costa Brava 2026\",\"datePublished\":\"2026-08-21T06:45:13+00:00\",\"dateModified\":\"2026-08-31T08:22:25+00:00\",\"mainEntityOfPage\":{\"@id\":\"https:\\\/\\\/www.hotelcostabrava.com\\\/fr\\\/tapas-dete-a-lhotel-costa-brava-2026\\\/\"},\"wordCount\":65,\"publisher\":{\"@id\":\"https:\\\/\\\/www.hotelcostabrava.com\\\/fr\\\/#organization\"},\"image\":{\"@id\":\"https:\\\/\\\/www.hotelcostabrava.com\\\/fr\\\/tapas-dete-a-lhotel-costa-brava-2026\\\/#primaryimage\"},\"thumbnailUrl\":\"https:\\\/\\\/www.hotelcostabrava.com\\\/wp-content\\\/uploads\\\/2026\\\/08\\\/FILES_ITEMS_1086_TAPAS_HCB_10_____W_575.jpg\",\"articleSection\":[\"Aromar Hotels\"],\"inLanguage\":\"fr-FR\"},{\"@type\":\"WebPage\",\"@id\":\"https:\\\/\\\/www.hotelcostabrava.com\\\/fr\\\/tapas-dete-a-lhotel-costa-brava-2026\\\/\",\"url\":\"https:\\\/\\\/www.hotelcostabrava.com\\\/fr\\\/tapas-dete-a-lhotel-costa-brava-2026\\\/\",\"name\":\"Tapas d'\u00e9t\u00e9 \u00e0 l'H\u00f4tel Costa Brava 2026 | Hotel Costa Brava\",\"isPartOf\":{\"@id\":\"https:\\\/\\\/www.hotelcostabrava.com\\\/fr\\\/#website\"},\"primaryImageOfPage\":{\"@id\":\"https:\\\/\\\/www.hotelcostabrava.com\\\/fr\\\/tapas-dete-a-lhotel-costa-brava-2026\\\/#primaryimage\"},\"image\":{\"@id\":\"https:\\\/\\\/www.hotelcostabrava.com\\\/fr\\\/tapas-dete-a-lhotel-costa-brava-2026\\\/#primaryimage\"},\"thumbnailUrl\":\"https:\\\/\\\/www.hotelcostabrava.com\\\/wp-content\\\/uploads\\\/2026\\\/08\\\/FILES_ITEMS_1086_TAPAS_HCB_10_____W_575.jpg\",\"datePublished\":\"2026-08-21T06:45:13+00:00\",\"dateModified\":\"2026-08-31T08:22:25+00:00\",\"breadcrumb\":{\"@id\":\"https:\\\/\\\/www.hotelcostabrava.com\\\/fr\\\/tapas-dete-a-lhotel-costa-brava-2026\\\/#breadcrumb\"},\"inLanguage\":\"fr-FR\",\"potentialAction\":[{\"@type\":\"ReadAction\",\"target\":[\"https:\\\/\\\/www.hotelcostabrava.com\\\/fr\\\/tapas-dete-a-lhotel-costa-brava-2026\\\/\"]}]},{\"@type\":\"ImageObject\",\"inLanguage\":\"fr-FR\",\"@id\":\"https:\\\/\\\/www.hotelcostabrava.com\\\/fr\\\/tapas-dete-a-lhotel-costa-brava-2026\\\/#primaryimage\",\"url\":\"https:\\\/\\\/www.hotelcostabrava.com\\\/wp-content\\\/uploads\\\/2026\\\/08\\\/FILES_ITEMS_1086_TAPAS_HCB_10_____W_575.jpg\",\"contentUrl\":\"https:\\\/\\\/www.hotelcostabrava.com\\\/wp-content\\\/uploads\\\/2026\\\/08\\\/FILES_ITEMS_1086_TAPAS_HCB_10_____W_575.jpg\",\"width\":575,\"height\":813},{\"@type\":\"BreadcrumbList\",\"@id\":\"https:\\\/\\\/www.hotelcostabrava.com\\\/fr\\\/tapas-dete-a-lhotel-costa-brava-2026\\\/#breadcrumb\",\"itemListElement\":[{\"@type\":\"ListItem\",\"position\":1,\"name\":\"Portada\",\"item\":\"https:\\\/\\\/www.hotelcostabrava.com\\\/fr\\\/\"},{\"@type\":\"ListItem\",\"position\":2,\"name\":\"Tapas d&#8217;\u00e9t\u00e9 \u00e0 l&#8217;H\u00f4tel Costa Brava 2026\"}]},{\"@type\":\"WebSite\",\"@id\":\"https:\\\/\\\/www.hotelcostabrava.com\\\/fr\\\/#website\",\"url\":\"https:\\\/\\\/www.hotelcostabrava.com\\\/fr\\\/\",\"name\":\"Aromar Hotels & Restaurants\",\"description\":\"Hotel a primera l\u00ednia de mar a Platja d&#039;Aro, Costa Brava\",\"publisher\":{\"@id\":\"https:\\\/\\\/www.hotelcostabrava.com\\\/fr\\\/#organization\"},\"alternateName\":\"Aromar Hotels & Restaurants\",\"potentialAction\":[{\"@type\":\"SearchAction\",\"target\":{\"@type\":\"EntryPoint\",\"urlTemplate\":\"https:\\\/\\\/www.hotelcostabrava.com\\\/fr\\\/?s={search_term_string}\"},\"query-input\":{\"@type\":\"PropertyValueSpecification\",\"valueRequired\":true,\"valueName\":\"search_term_string\"}}],\"inLanguage\":\"fr-FR\"},{\"@type\":\"Organization\",\"@id\":\"https:\\\/\\\/www.hotelcostabrava.com\\\/fr\\\/#organization\",\"name\":\"Aromar Hotels\",\"alternateName\":\"Aromar Hotels\",\"url\":\"https:\\\/\\\/www.hotelcostabrava.com\\\/fr\\\/\",\"logo\":{\"@type\":\"ImageObject\",\"inLanguage\":\"fr-FR\",\"@id\":\"https:\\\/\\\/www.hotelcostabrava.com\\\/fr\\\/#\\\/schema\\\/logo\\\/image\\\/\",\"url\":\"https:\\\/\\\/www.hotelcostabrava.com\\\/wp-content\\\/uploads\\\/2024\\\/04\\\/Aromar-2.jpg\",\"contentUrl\":\"https:\\\/\\\/www.hotelcostabrava.com\\\/wp-content\\\/uploads\\\/2024\\\/04\\\/Aromar-2.jpg\",\"width\":696,\"height\":696,\"caption\":\"Aromar Hotels\"},\"image\":{\"@id\":\"https:\\\/\\\/www.hotelcostabrava.com\\\/fr\\\/#\\\/schema\\\/logo\\\/image\\\/\"}},{\"@type\":\"Person\",\"@id\":\"https:\\\/\\\/www.hotelcostabrava.com\\\/fr\\\/#\\\/schema\\\/person\\\/b1ca867022e23628bd7054e89c819231\",\"name\":\"Comunicaci\u00f3 Integral Neorg\",\"image\":{\"@type\":\"ImageObject\",\"inLanguage\":\"fr-FR\",\"@id\":\"https:\\\/\\\/secure.gravatar.com\\\/avatar\\\/709d3d8015183afa7401c02e2291a538cbfd4ffe62f4d86ce5f4871f22e86b09?s=96&d=mm&r=g\",\"url\":\"https:\\\/\\\/secure.gravatar.com\\\/avatar\\\/709d3d8015183afa7401c02e2291a538cbfd4ffe62f4d86ce5f4871f22e86b09?s=96&d=mm&r=g\",\"contentUrl\":\"https:\\\/\\\/secure.gravatar.com\\\/avatar\\\/709d3d8015183afa7401c02e2291a538cbfd4ffe62f4d86ce5f4871f22e86b09?s=96&d=mm&r=g\",\"caption\":\"Comunicaci\u00f3 Integral Neorg\"},\"sameAs\":[\"https:\\\/\\\/www.hotelcostabrava.com\"]}]}<\/script>\n<!-- \/ Yoast SEO plugin. -->","yoast_head_json":{"title":"Tapas d'\u00e9t\u00e9 \u00e0 l'H\u00f4tel Costa Brava 2026 | Hotel Costa Brava","robots":{"index":"index","follow":"follow","max-snippet":"max-snippet:-1","max-image-preview":"max-image-preview:large","max-video-preview":"max-video-preview:-1"},"canonical":"https:\/\/www.hotelcostabrava.com\/fr\/tapas-dete-a-lhotel-costa-brava-2026\/","og_locale":"fr_FR","og_type":"article","og_title":"Tapas d'\u00e9t\u00e9 \u00e0 l'H\u00f4tel Costa Brava 2026 | Hotel Costa Brava","og_description":"Du 29 juin au 28 ao\u00fbt \u00b7 Les lundis, mercredis et vendredis Cet \u00e9t\u00e9, l&rsquo;H\u00f4tel Costa Brava vous propose \u00e0 nouveau une d\u00e9licieuse s\u00e9lection de tapas de saison, imagin\u00e9es pour profiter pleinement des beaux jours et de l&rsquo;ambiance m\u00e9diterran\u00e9enne. \u00c0 d\u00e9guster du 29 juin au 28 ao\u00fbt, tous les lundis, mercredis et vendredis.","og_url":"https:\/\/www.hotelcostabrava.com\/fr\/tapas-dete-a-lhotel-costa-brava-2026\/","og_site_name":"Hotel Costa Brava","article_published_time":"2026-08-21T06:45:13+00:00","article_modified_time":"2026-08-31T08:22:25+00:00","og_image":[{"width":575,"height":813,"url":"https:\/\/www.hotelcostabrava.com\/wp-content\/uploads\/2026\/08\/FILES_ITEMS_1086_TAPAS_HCB_10_____W_575.jpg","type":"image\/jpeg"}],"author":"Comunicaci\u00f3 Integral Neorg","twitter_card":"summary_large_image","twitter_misc":{"\u00c9crit par":"Comunicaci\u00f3 Integral Neorg","Dur\u00e9e de lecture estim\u00e9e":"1 minute"},"schema":{"@context":"https:\/\/schema.org","@graph":[{"@type":"Article","@id":"https:\/\/www.hotelcostabrava.com\/fr\/tapas-dete-a-lhotel-costa-brava-2026\/#article","isPartOf":{"@id":"https:\/\/www.hotelcostabrava.com\/fr\/tapas-dete-a-lhotel-costa-brava-2026\/"},"author":{"name":"Comunicaci\u00f3 Integral Neorg","@id":"https:\/\/www.hotelcostabrava.com\/fr\/#\/schema\/person\/b1ca867022e23628bd7054e89c819231"},"headline":"Tapas d&rsquo;\u00e9t\u00e9 \u00e0 l&rsquo;H\u00f4tel Costa Brava 2026","datePublished":"2026-08-21T06:45:13+00:00","dateModified":"2026-08-31T08:22:25+00:00","mainEntityOfPage":{"@id":"https:\/\/www.hotelcostabrava.com\/fr\/tapas-dete-a-lhotel-costa-brava-2026\/"},"wordCount":65,"publisher":{"@id":"https:\/\/www.hotelcostabrava.com\/fr\/#organization"},"image":{"@id":"https:\/\/www.hotelcostabrava.com\/fr\/tapas-dete-a-lhotel-costa-brava-2026\/#primaryimage"},"thumbnailUrl":"https:\/\/www.hotelcostabrava.com\/wp-content\/uploads\/2026\/08\/FILES_ITEMS_1086_TAPAS_HCB_10_____W_575.jpg","articleSection":["Aromar Hotels"],"inLanguage":"fr-FR"},{"@type":"WebPage","@id":"https:\/\/www.hotelcostabrava.com\/fr\/tapas-dete-a-lhotel-costa-brava-2026\/","url":"https:\/\/www.hotelcostabrava.com\/fr\/tapas-dete-a-lhotel-costa-brava-2026\/","name":"Tapas d'\u00e9t\u00e9 \u00e0 l'H\u00f4tel Costa Brava 2026 | Hotel Costa Brava","isPartOf":{"@id":"https:\/\/www.hotelcostabrava.com\/fr\/#website"},"primaryImageOfPage":{"@id":"https:\/\/www.hotelcostabrava.com\/fr\/tapas-dete-a-lhotel-costa-brava-2026\/#primaryimage"},"image":{"@id":"https:\/\/www.hotelcostabrava.com\/fr\/tapas-dete-a-lhotel-costa-brava-2026\/#primaryimage"},"thumbnailUrl":"https:\/\/www.hotelcostabrava.com\/wp-content\/uploads\/2026\/08\/FILES_ITEMS_1086_TAPAS_HCB_10_____W_575.jpg","datePublished":"2026-08-21T06:45:13+00:00","dateModified":"2026-08-31T08:22:25+00:00","breadcrumb":{"@id":"https:\/\/www.hotelcostabrava.com\/fr\/tapas-dete-a-lhotel-costa-brava-2026\/#breadcrumb"},"inLanguage":"fr-FR","potentialAction":[{"@type":"ReadAction","target":["https:\/\/www.hotelcostabrava.com\/fr\/tapas-dete-a-lhotel-costa-brava-2026\/"]}]},{"@type":"ImageObject","inLanguage":"fr-FR","@id":"https:\/\/www.hotelcostabrava.com\/fr\/tapas-dete-a-lhotel-costa-brava-2026\/#primaryimage","url":"https:\/\/www.hotelcostabrava.com\/wp-content\/uploads\/2026\/08\/FILES_ITEMS_1086_TAPAS_HCB_10_____W_575.jpg","contentUrl":"https:\/\/www.hotelcostabrava.com\/wp-content\/uploads\/2026\/08\/FILES_ITEMS_1086_TAPAS_HCB_10_____W_575.jpg","width":575,"height":813},{"@type":"BreadcrumbList","@id":"https:\/\/www.hotelcostabrava.com\/fr\/tapas-dete-a-lhotel-costa-brava-2026\/#breadcrumb","itemListElement":[{"@type":"ListItem","position":1,"name":"Portada","item":"https:\/\/www.hotelcostabrava.com\/fr\/"},{"@type":"ListItem","position":2,"name":"Tapas d&#8217;\u00e9t\u00e9 \u00e0 l&#8217;H\u00f4tel Costa Brava 2026"}]},{"@type":"WebSite","@id":"https:\/\/www.hotelcostabrava.com\/fr\/#website","url":"https:\/\/www.hotelcostabrava.com\/fr\/","name":"Aromar Hotels & Restaurants","description":"Hotel a primera l\u00ednia de mar a Platja d&#039;Aro, Costa Brava","publisher":{"@id":"https:\/\/www.hotelcostabrava.com\/fr\/#organization"},"alternateName":"Aromar Hotels & Restaurants","potentialAction":[{"@type":"SearchAction","target":{"@type":"EntryPoint","urlTemplate":"https:\/\/www.hotelcostabrava.com\/fr\/?s={search_term_string}"},"query-input":{"@type":"PropertyValueSpecification","valueRequired":true,"valueName":"search_term_string"}}],"inLanguage":"fr-FR"},{"@type":"Organization","@id":"https:\/\/www.hotelcostabrava.com\/fr\/#organization","name":"Aromar Hotels","alternateName":"Aromar Hotels","url":"https:\/\/www.hotelcostabrava.com\/fr\/","logo":{"@type":"ImageObject","inLanguage":"fr-FR","@id":"https:\/\/www.hotelcostabrava.com\/fr\/#\/schema\/logo\/image\/","url":"https:\/\/www.hotelcostabrava.com\/wp-content\/uploads\/2024\/04\/Aromar-2.jpg","contentUrl":"https:\/\/www.hotelcostabrava.com\/wp-content\/uploads\/2024\/04\/Aromar-2.jpg","width":696,"height":696,"caption":"Aromar Hotels"},"image":{"@id":"https:\/\/www.hotelcostabrava.com\/fr\/#\/schema\/logo\/image\/"}},{"@type":"Person","@id":"https:\/\/www.hotelcostabrava.com\/fr\/#\/schema\/person\/b1ca867022e23628bd7054e89c819231","name":"Comunicaci\u00f3 Integral Neorg","image":{"@type":"ImageObject","inLanguage":"fr-FR","@id":"https:\/\/secure.gravatar.com\/avatar\/709d3d8015183afa7401c02e2291a538cbfd4ffe62f4d86ce5f4871f22e86b09?s=96&d=mm&r=g","url":"https:\/\/secure.gravatar.com\/avatar\/709d3d8015183afa7401c02e2291a538cbfd4ffe62f4d86ce5f4871f22e86b09?s=96&d=mm&r=g","contentUrl":"https:\/\/secure.gravatar.com\/avatar\/709d3d8015183afa7401c02e2291a538cbfd4ffe62f4d86ce5f4871f22e86b09?s=96&d=mm&r=g","caption":"Comunicaci\u00f3 Integral Neorg"},"sameAs":["https:\/\/www.hotelcostabrava.com"]}]}},"_links":{"self":[{"href":"https:\/\/www.hotelcostabrava.com\/fr\/wp-json\/wp\/v2\/posts\/11974","targetHints":{"allow":["GET"]}}],"collection":[{"href":"https:\/\/www.hotelcostabrava.com\/fr\/wp-json\/wp\/v2\/posts"}],"about":[{"href":"https:\/\/www.hotelcostabrava.com\/fr\/wp-json\/wp\/v2\/types\/post"}],"author":[{"embeddable":true,"href":"https:\/\/www.hotelcostabrava.com\/fr\/wp-json\/wp\/v2\/users\/1"}],"replies":[{"embeddable":true,"href":"https:\/\/www.hotelcostabrava.com\/fr\/wp-json\/wp\/v2\/comments?post=11974"}],"version-history":[{"count":1,"href":"https:\/\/www.hotelcostabrava.com\/fr\/wp-json\/wp\/v2\/posts\/11974\/revisions"}],"predecessor-version":[{"id":11975,"href":"https:\/\/www.hotelcostabrava.com\/fr\/wp-json\/wp\/v2\/posts\/11974\/revisions\/11975"}],"wp:featuredmedia":[{"embeddable":true,"href":"https:\/\/www.hotelcostabrava.com\/fr\/wp-json\/wp\/v2\/media\/11973"}],"wp:attachment":[{"href":"https:\/\/www.hotelcostabrava.com\/fr\/wp-json\/wp\/v2\/media?parent=11974"}],"wp:term":[{"taxonomy":"category","embeddable":true,"href":"https:\/\/www.hotelcostabrava.com\/fr\/wp-json\/wp\/v2\/categories?post=11974"},{"taxonomy":"post_tag","embeddable":true,"href":"https:\/\/www.hotelcostabrava.com\/fr\/wp-json\/wp\/v2\/tags?post=11974"}],"curies":[{"name":"wp","href":"https:\/\/api.w.org\/{rel}","templated":true}]}}