{"id":12090,"date":"2026-08-21T09:14:15","date_gmt":"2026-08-21T07:14:15","guid":{"rendered":"https:\/\/www.hotelcostabrava.com\/?p=12090"},"modified":"2026-08-31T11:50:45","modified_gmt":"2026-08-31T09:50:45","slug":"vine-a-lhotel-costa-brava-i-descobreix-el-cami-de-ronda","status":"publish","type":"post","link":"https:\/\/www.hotelcostabrava.com\/es\/vine-a-lhotel-costa-brava-i-descobreix-el-cami-de-ronda\/","title":{"rendered":"Vine a l\u2019Hotel Costa Brava i descobreix el cam\u00ed de ronda!"},"content":{"rendered":"<p><strong>L\u2019Hotel Costa Brava, situat sobre les roques davant del mar al mig del cam\u00ed de ronda de la Costa Brava, t\u2019ofereix unes vistes panor\u00e0miques al mar, al municipi de Platja d&#8217;Aro, la Cala Rovira i Palam\u00f3s que garanteixen una experi\u00e8ncia \u00fanica.<\/strong><\/p>\n<p><strong>Allotjar-te a l\u2019Hotel Costa Brava \u00e9s una bona opci\u00f3 per descobrir el cam\u00ed de ronda&#8230;<\/strong><\/p>\n<h2 style=\"font-weight: 500;\">Descobreix el cam\u00ed de ronda de Platja d\u2019Aro<\/h2>\n<p style=\"font-weight: 400;\">L\u2019Hotel Costa Brava, situat sobre les roques davant del mar al mig del cam\u00ed de ronda de la Costa Brava, t\u2019ofereix unes vistes panor\u00e0miques al mar, al municipi de Platja d&#8217;Aro, la Cala Rovira i Palam\u00f3s que garanteixen una experi\u00e8ncia \u00fanica.<\/p>\n<p style=\"font-weight: 400;\">Allotjar-te a l\u2019Hotel Costa Brava \u00e9s una bona opci\u00f3 per descobrir el cam\u00ed de ronda \u00a0i els petits racons amagats entre les platges de la Costa Brava. Des de l\u2019hotel pots accedir directament al cam\u00ed que s\u2019inicia a la punta rocosa de\u00a0<b><strong>Platja d\u2019Aro<\/strong><\/b> i finalitza a la platja de Torre Valentina de Sant Antoni de Calonge.<\/p>\n<p style=\"font-weight: 400;\">L\u2019inici del recorregut es troba en uns t\u00fanels que et condueixen a unes magn\u00edfiques\u00a0<b><strong>vistes panor\u00e0miques<\/strong><\/b>. El cam\u00ed et guia fins a la\u00a0<b><strong>punta d&#8217;en Ramis<\/strong><\/b>, que \u00e9s el nexe d\u2019uni\u00f3 del cam\u00ed amb l\u2019Hotel Costa Brava. A continuaci\u00f3, es passa per la platja Rovira, la platja de sa Cova, les cales de Pitxot i la rocosa punta d&#8217;Escuits, que formen un itinerari roc\u00f3s que es barreja amb la vegetaci\u00f3 de la Costa Brava.<\/p>\n<p style=\"font-weight: 400;\">El cam\u00ed de ronda continua per les platges del Ros, es Canyers, Belladona i Sant Jordi. Segueix fins a la platja de Cap Roig i les platges de l&#8217;Ermita, de ses Torretes, de Treumal (cala Gog\u00f3) i de Can Cristus. El cam\u00ed acaba amb un tram roc\u00f3s, que desemboca a la platja de Torre Valentina.<\/p>\n","protected":false},"excerpt":{"rendered":"<p>L\u2019Hotel Costa Brava, situat sobre les roques davant del mar al mig del cam\u00ed de ronda de la Costa Brava, t\u2019ofereix unes vistes panor\u00e0miques al mar, al municipi de Platja d&#8217;Aro, la Cala Rovira i Palam\u00f3s que garanteixen una experi\u00e8ncia \u00fanica. Allotjar-te a l\u2019Hotel Costa Brava \u00e9s una bona opci\u00f3 per descobrir el cam\u00ed de&hellip;&nbsp;<\/p>\n","protected":false},"author":1,"featured_media":12089,"comment_status":"closed","ping_status":"closed","sticky":false,"template":"","format":"standard","meta":{"_acf_changed":false,"neve_meta_sidebar":"","neve_meta_container":"","neve_meta_enable_content_width":"off","neve_meta_content_width":100,"neve_meta_title_alignment":"","neve_meta_author_avatar":"","neve_post_elements_order":"","neve_meta_disable_header":"","neve_meta_disable_footer":"","neve_meta_disable_title":"","neve_meta_reading_time":"","footnotes":""},"categories":[25],"tags":[],"class_list":["post-12090","post","type-post","status-publish","format-standard","has-post-thumbnail","hentry","category-sin-categorizar"],"acf":[],"yoast_head":"<!-- This site is optimized with the Yoast SEO plugin v28.4 - https:\/\/yoast.com\/product\/yoast-seo-wordpress\/ -->\n<title>Vine a l\u2019Hotel Costa Brava i descobreix el cam\u00ed de ronda! | Hotel Costa Brava<\/title>\n<meta name=\"robots\" content=\"index, follow, max-snippet:-1, max-image-preview:large, max-video-preview:-1\" \/>\n<link rel=\"canonical\" href=\"https:\/\/www.hotelcostabrava.com\/es\/vine-a-lhotel-costa-brava-i-descobreix-el-cami-de-ronda\/\" \/>\n<meta property=\"og:locale\" content=\"es_ES\" \/>\n<meta property=\"og:type\" content=\"article\" \/>\n<meta property=\"og:title\" content=\"Vine a l\u2019Hotel Costa Brava i descobreix el cam\u00ed de ronda! | Hotel Costa Brava\" \/>\n<meta property=\"og:description\" content=\"L\u2019Hotel Costa Brava, situat sobre les roques davant del mar al mig del cam\u00ed de ronda de la Costa Brava, t\u2019ofereix unes vistes panor\u00e0miques al mar, al municipi de Platja d&#8217;Aro, la Cala Rovira i Palam\u00f3s que garanteixen una experi\u00e8ncia \u00fanica. Allotjar-te a l\u2019Hotel Costa Brava \u00e9s una bona opci\u00f3 per descobrir el cam\u00ed de&hellip;&nbsp;\" \/>\n<meta property=\"og:url\" content=\"https:\/\/www.hotelcostabrava.com\/es\/vine-a-lhotel-costa-brava-i-descobreix-el-cami-de-ronda\/\" \/>\n<meta property=\"og:site_name\" content=\"Hotel Costa Brava\" \/>\n<meta property=\"article:published_time\" content=\"2026-08-21T07:14:15+00:00\" \/>\n<meta property=\"article:modified_time\" content=\"2026-08-31T09:50:45+00:00\" \/>\n<meta property=\"og:image\" content=\"https:\/\/www.hotelcostabrava.com\/wp-content\/uploads\/2026\/08\/costa-brava-cami-ronda.webp\" \/>\n\t<meta property=\"og:image:width\" content=\"1672\" \/>\n\t<meta property=\"og:image:height\" content=\"941\" \/>\n\t<meta property=\"og:image:type\" content=\"image\/webp\" \/>\n<meta name=\"author\" content=\"Comunicaci\u00f3 Integral Neorg\" \/>\n<meta name=\"twitter:card\" content=\"summary_large_image\" \/>\n<meta name=\"twitter:label1\" content=\"Escrito por\" \/>\n\t<meta name=\"twitter:data1\" content=\"Comunicaci\u00f3 Integral Neorg\" \/>\n\t<meta name=\"twitter:label2\" content=\"Tiempo de lectura\" \/>\n\t<meta name=\"twitter:data2\" content=\"2 minutos\" \/>\n<script type=\"application\/ld+json\" class=\"yoast-schema-graph\">{\"@context\":\"https:\\\/\\\/schema.org\",\"@graph\":[{\"@type\":\"Article\",\"@id\":\"https:\\\/\\\/www.hotelcostabrava.com\\\/es\\\/vine-a-lhotel-costa-brava-i-descobreix-el-cami-de-ronda\\\/#article\",\"isPartOf\":{\"@id\":\"https:\\\/\\\/www.hotelcostabrava.com\\\/es\\\/vine-a-lhotel-costa-brava-i-descobreix-el-cami-de-ronda\\\/\"},\"author\":{\"name\":\"Comunicaci\u00f3 Integral Neorg\",\"@id\":\"https:\\\/\\\/www.hotelcostabrava.com\\\/es\\\/#\\\/schema\\\/person\\\/b1ca867022e23628bd7054e89c819231\"},\"headline\":\"Vine a l\u2019Hotel Costa Brava i descobreix el cam\u00ed de ronda!\",\"datePublished\":\"2026-08-21T07:14:15+00:00\",\"dateModified\":\"2026-08-31T09:50:45+00:00\",\"mainEntityOfPage\":{\"@id\":\"https:\\\/\\\/www.hotelcostabrava.com\\\/es\\\/vine-a-lhotel-costa-brava-i-descobreix-el-cami-de-ronda\\\/\"},\"wordCount\":332,\"publisher\":{\"@id\":\"https:\\\/\\\/www.hotelcostabrava.com\\\/es\\\/#organization\"},\"image\":{\"@id\":\"https:\\\/\\\/www.hotelcostabrava.com\\\/es\\\/vine-a-lhotel-costa-brava-i-descobreix-el-cami-de-ronda\\\/#primaryimage\"},\"thumbnailUrl\":\"https:\\\/\\\/www.hotelcostabrava.com\\\/wp-content\\\/uploads\\\/2026\\\/08\\\/costa-brava-cami-ronda.webp\",\"articleSection\":[\"Aromar Hotels\"],\"inLanguage\":\"es\"},{\"@type\":\"WebPage\",\"@id\":\"https:\\\/\\\/www.hotelcostabrava.com\\\/es\\\/vine-a-lhotel-costa-brava-i-descobreix-el-cami-de-ronda\\\/\",\"url\":\"https:\\\/\\\/www.hotelcostabrava.com\\\/es\\\/vine-a-lhotel-costa-brava-i-descobreix-el-cami-de-ronda\\\/\",\"name\":\"Vine a l\u2019Hotel Costa Brava i descobreix el cam\u00ed de ronda! | Hotel Costa Brava\",\"isPartOf\":{\"@id\":\"https:\\\/\\\/www.hotelcostabrava.com\\\/es\\\/#website\"},\"primaryImageOfPage\":{\"@id\":\"https:\\\/\\\/www.hotelcostabrava.com\\\/es\\\/vine-a-lhotel-costa-brava-i-descobreix-el-cami-de-ronda\\\/#primaryimage\"},\"image\":{\"@id\":\"https:\\\/\\\/www.hotelcostabrava.com\\\/es\\\/vine-a-lhotel-costa-brava-i-descobreix-el-cami-de-ronda\\\/#primaryimage\"},\"thumbnailUrl\":\"https:\\\/\\\/www.hotelcostabrava.com\\\/wp-content\\\/uploads\\\/2026\\\/08\\\/costa-brava-cami-ronda.webp\",\"datePublished\":\"2026-08-21T07:14:15+00:00\",\"dateModified\":\"2026-08-31T09:50:45+00:00\",\"breadcrumb\":{\"@id\":\"https:\\\/\\\/www.hotelcostabrava.com\\\/es\\\/vine-a-lhotel-costa-brava-i-descobreix-el-cami-de-ronda\\\/#breadcrumb\"},\"inLanguage\":\"es\",\"potentialAction\":[{\"@type\":\"ReadAction\",\"target\":[\"https:\\\/\\\/www.hotelcostabrava.com\\\/es\\\/vine-a-lhotel-costa-brava-i-descobreix-el-cami-de-ronda\\\/\"]}]},{\"@type\":\"ImageObject\",\"inLanguage\":\"es\",\"@id\":\"https:\\\/\\\/www.hotelcostabrava.com\\\/es\\\/vine-a-lhotel-costa-brava-i-descobreix-el-cami-de-ronda\\\/#primaryimage\",\"url\":\"https:\\\/\\\/www.hotelcostabrava.com\\\/wp-content\\\/uploads\\\/2026\\\/08\\\/costa-brava-cami-ronda.webp\",\"contentUrl\":\"https:\\\/\\\/www.hotelcostabrava.com\\\/wp-content\\\/uploads\\\/2026\\\/08\\\/costa-brava-cami-ronda.webp\",\"width\":1672,\"height\":941},{\"@type\":\"BreadcrumbList\",\"@id\":\"https:\\\/\\\/www.hotelcostabrava.com\\\/es\\\/vine-a-lhotel-costa-brava-i-descobreix-el-cami-de-ronda\\\/#breadcrumb\",\"itemListElement\":[{\"@type\":\"ListItem\",\"position\":1,\"name\":\"Portada\",\"item\":\"https:\\\/\\\/www.hotelcostabrava.com\\\/es\\\/\"},{\"@type\":\"ListItem\",\"position\":2,\"name\":\"Vine a l\u2019Hotel Costa Brava i descobreix el cam\u00ed de ronda!\"}]},{\"@type\":\"WebSite\",\"@id\":\"https:\\\/\\\/www.hotelcostabrava.com\\\/es\\\/#website\",\"url\":\"https:\\\/\\\/www.hotelcostabrava.com\\\/es\\\/\",\"name\":\"Aromar Hotels & Restaurants\",\"description\":\"Hotel a primera l\u00ednia de mar a Platja d&#039;Aro, Costa Brava\",\"publisher\":{\"@id\":\"https:\\\/\\\/www.hotelcostabrava.com\\\/es\\\/#organization\"},\"alternateName\":\"Aromar Hotels & Restaurants\",\"potentialAction\":[{\"@type\":\"SearchAction\",\"target\":{\"@type\":\"EntryPoint\",\"urlTemplate\":\"https:\\\/\\\/www.hotelcostabrava.com\\\/es\\\/?s={search_term_string}\"},\"query-input\":{\"@type\":\"PropertyValueSpecification\",\"valueRequired\":true,\"valueName\":\"search_term_string\"}}],\"inLanguage\":\"es\"},{\"@type\":\"Organization\",\"@id\":\"https:\\\/\\\/www.hotelcostabrava.com\\\/es\\\/#organization\",\"name\":\"Aromar Hotels\",\"alternateName\":\"Aromar Hotels\",\"url\":\"https:\\\/\\\/www.hotelcostabrava.com\\\/es\\\/\",\"logo\":{\"@type\":\"ImageObject\",\"inLanguage\":\"es\",\"@id\":\"https:\\\/\\\/www.hotelcostabrava.com\\\/es\\\/#\\\/schema\\\/logo\\\/image\\\/\",\"url\":\"https:\\\/\\\/www.hotelcostabrava.com\\\/wp-content\\\/uploads\\\/2024\\\/04\\\/Aromar-2.jpg\",\"contentUrl\":\"https:\\\/\\\/www.hotelcostabrava.com\\\/wp-content\\\/uploads\\\/2024\\\/04\\\/Aromar-2.jpg\",\"width\":696,\"height\":696,\"caption\":\"Aromar Hotels\"},\"image\":{\"@id\":\"https:\\\/\\\/www.hotelcostabrava.com\\\/es\\\/#\\\/schema\\\/logo\\\/image\\\/\"}},{\"@type\":\"Person\",\"@id\":\"https:\\\/\\\/www.hotelcostabrava.com\\\/es\\\/#\\\/schema\\\/person\\\/b1ca867022e23628bd7054e89c819231\",\"name\":\"Comunicaci\u00f3 Integral Neorg\",\"image\":{\"@type\":\"ImageObject\",\"inLanguage\":\"es\",\"@id\":\"https:\\\/\\\/secure.gravatar.com\\\/avatar\\\/709d3d8015183afa7401c02e2291a538cbfd4ffe62f4d86ce5f4871f22e86b09?s=96&d=mm&r=g\",\"url\":\"https:\\\/\\\/secure.gravatar.com\\\/avatar\\\/709d3d8015183afa7401c02e2291a538cbfd4ffe62f4d86ce5f4871f22e86b09?s=96&d=mm&r=g\",\"contentUrl\":\"https:\\\/\\\/secure.gravatar.com\\\/avatar\\\/709d3d8015183afa7401c02e2291a538cbfd4ffe62f4d86ce5f4871f22e86b09?s=96&d=mm&r=g\",\"caption\":\"Comunicaci\u00f3 Integral Neorg\"},\"sameAs\":[\"https:\\\/\\\/www.hotelcostabrava.com\"]}]}<\/script>\n<!-- \/ Yoast SEO plugin. -->","yoast_head_json":{"title":"Vine a l\u2019Hotel Costa Brava i descobreix el cam\u00ed de ronda! | Hotel Costa Brava","robots":{"index":"index","follow":"follow","max-snippet":"max-snippet:-1","max-image-preview":"max-image-preview:large","max-video-preview":"max-video-preview:-1"},"canonical":"https:\/\/www.hotelcostabrava.com\/es\/vine-a-lhotel-costa-brava-i-descobreix-el-cami-de-ronda\/","og_locale":"es_ES","og_type":"article","og_title":"Vine a l\u2019Hotel Costa Brava i descobreix el cam\u00ed de ronda! | Hotel Costa Brava","og_description":"L\u2019Hotel Costa Brava, situat sobre les roques davant del mar al mig del cam\u00ed de ronda de la Costa Brava, t\u2019ofereix unes vistes panor\u00e0miques al mar, al municipi de Platja d&#8217;Aro, la Cala Rovira i Palam\u00f3s que garanteixen una experi\u00e8ncia \u00fanica. Allotjar-te a l\u2019Hotel Costa Brava \u00e9s una bona opci\u00f3 per descobrir el cam\u00ed de&hellip;&nbsp;","og_url":"https:\/\/www.hotelcostabrava.com\/es\/vine-a-lhotel-costa-brava-i-descobreix-el-cami-de-ronda\/","og_site_name":"Hotel Costa Brava","article_published_time":"2026-08-21T07:14:15+00:00","article_modified_time":"2026-08-31T09:50:45+00:00","og_image":[{"width":1672,"height":941,"url":"https:\/\/www.hotelcostabrava.com\/wp-content\/uploads\/2026\/08\/costa-brava-cami-ronda.webp","type":"image\/webp"}],"author":"Comunicaci\u00f3 Integral Neorg","twitter_card":"summary_large_image","twitter_misc":{"Escrito por":"Comunicaci\u00f3 Integral Neorg","Tiempo de lectura":"2 minutos"},"schema":{"@context":"https:\/\/schema.org","@graph":[{"@type":"Article","@id":"https:\/\/www.hotelcostabrava.com\/es\/vine-a-lhotel-costa-brava-i-descobreix-el-cami-de-ronda\/#article","isPartOf":{"@id":"https:\/\/www.hotelcostabrava.com\/es\/vine-a-lhotel-costa-brava-i-descobreix-el-cami-de-ronda\/"},"author":{"name":"Comunicaci\u00f3 Integral Neorg","@id":"https:\/\/www.hotelcostabrava.com\/es\/#\/schema\/person\/b1ca867022e23628bd7054e89c819231"},"headline":"Vine a l\u2019Hotel Costa Brava i descobreix el cam\u00ed de ronda!","datePublished":"2026-08-21T07:14:15+00:00","dateModified":"2026-08-31T09:50:45+00:00","mainEntityOfPage":{"@id":"https:\/\/www.hotelcostabrava.com\/es\/vine-a-lhotel-costa-brava-i-descobreix-el-cami-de-ronda\/"},"wordCount":332,"publisher":{"@id":"https:\/\/www.hotelcostabrava.com\/es\/#organization"},"image":{"@id":"https:\/\/www.hotelcostabrava.com\/es\/vine-a-lhotel-costa-brava-i-descobreix-el-cami-de-ronda\/#primaryimage"},"thumbnailUrl":"https:\/\/www.hotelcostabrava.com\/wp-content\/uploads\/2026\/08\/costa-brava-cami-ronda.webp","articleSection":["Aromar Hotels"],"inLanguage":"es"},{"@type":"WebPage","@id":"https:\/\/www.hotelcostabrava.com\/es\/vine-a-lhotel-costa-brava-i-descobreix-el-cami-de-ronda\/","url":"https:\/\/www.hotelcostabrava.com\/es\/vine-a-lhotel-costa-brava-i-descobreix-el-cami-de-ronda\/","name":"Vine a l\u2019Hotel Costa Brava i descobreix el cam\u00ed de ronda! | Hotel Costa Brava","isPartOf":{"@id":"https:\/\/www.hotelcostabrava.com\/es\/#website"},"primaryImageOfPage":{"@id":"https:\/\/www.hotelcostabrava.com\/es\/vine-a-lhotel-costa-brava-i-descobreix-el-cami-de-ronda\/#primaryimage"},"image":{"@id":"https:\/\/www.hotelcostabrava.com\/es\/vine-a-lhotel-costa-brava-i-descobreix-el-cami-de-ronda\/#primaryimage"},"thumbnailUrl":"https:\/\/www.hotelcostabrava.com\/wp-content\/uploads\/2026\/08\/costa-brava-cami-ronda.webp","datePublished":"2026-08-21T07:14:15+00:00","dateModified":"2026-08-31T09:50:45+00:00","breadcrumb":{"@id":"https:\/\/www.hotelcostabrava.com\/es\/vine-a-lhotel-costa-brava-i-descobreix-el-cami-de-ronda\/#breadcrumb"},"inLanguage":"es","potentialAction":[{"@type":"ReadAction","target":["https:\/\/www.hotelcostabrava.com\/es\/vine-a-lhotel-costa-brava-i-descobreix-el-cami-de-ronda\/"]}]},{"@type":"ImageObject","inLanguage":"es","@id":"https:\/\/www.hotelcostabrava.com\/es\/vine-a-lhotel-costa-brava-i-descobreix-el-cami-de-ronda\/#primaryimage","url":"https:\/\/www.hotelcostabrava.com\/wp-content\/uploads\/2026\/08\/costa-brava-cami-ronda.webp","contentUrl":"https:\/\/www.hotelcostabrava.com\/wp-content\/uploads\/2026\/08\/costa-brava-cami-ronda.webp","width":1672,"height":941},{"@type":"BreadcrumbList","@id":"https:\/\/www.hotelcostabrava.com\/es\/vine-a-lhotel-costa-brava-i-descobreix-el-cami-de-ronda\/#breadcrumb","itemListElement":[{"@type":"ListItem","position":1,"name":"Portada","item":"https:\/\/www.hotelcostabrava.com\/es\/"},{"@type":"ListItem","position":2,"name":"Vine a l\u2019Hotel Costa Brava i descobreix el cam\u00ed de ronda!"}]},{"@type":"WebSite","@id":"https:\/\/www.hotelcostabrava.com\/es\/#website","url":"https:\/\/www.hotelcostabrava.com\/es\/","name":"Aromar Hotels & Restaurants","description":"Hotel a primera l\u00ednia de mar a Platja d&#039;Aro, Costa Brava","publisher":{"@id":"https:\/\/www.hotelcostabrava.com\/es\/#organization"},"alternateName":"Aromar Hotels & Restaurants","potentialAction":[{"@type":"SearchAction","target":{"@type":"EntryPoint","urlTemplate":"https:\/\/www.hotelcostabrava.com\/es\/?s={search_term_string}"},"query-input":{"@type":"PropertyValueSpecification","valueRequired":true,"valueName":"search_term_string"}}],"inLanguage":"es"},{"@type":"Organization","@id":"https:\/\/www.hotelcostabrava.com\/es\/#organization","name":"Aromar Hotels","alternateName":"Aromar Hotels","url":"https:\/\/www.hotelcostabrava.com\/es\/","logo":{"@type":"ImageObject","inLanguage":"es","@id":"https:\/\/www.hotelcostabrava.com\/es\/#\/schema\/logo\/image\/","url":"https:\/\/www.hotelcostabrava.com\/wp-content\/uploads\/2024\/04\/Aromar-2.jpg","contentUrl":"https:\/\/www.hotelcostabrava.com\/wp-content\/uploads\/2024\/04\/Aromar-2.jpg","width":696,"height":696,"caption":"Aromar Hotels"},"image":{"@id":"https:\/\/www.hotelcostabrava.com\/es\/#\/schema\/logo\/image\/"}},{"@type":"Person","@id":"https:\/\/www.hotelcostabrava.com\/es\/#\/schema\/person\/b1ca867022e23628bd7054e89c819231","name":"Comunicaci\u00f3 Integral Neorg","image":{"@type":"ImageObject","inLanguage":"es","@id":"https:\/\/secure.gravatar.com\/avatar\/709d3d8015183afa7401c02e2291a538cbfd4ffe62f4d86ce5f4871f22e86b09?s=96&d=mm&r=g","url":"https:\/\/secure.gravatar.com\/avatar\/709d3d8015183afa7401c02e2291a538cbfd4ffe62f4d86ce5f4871f22e86b09?s=96&d=mm&r=g","contentUrl":"https:\/\/secure.gravatar.com\/avatar\/709d3d8015183afa7401c02e2291a538cbfd4ffe62f4d86ce5f4871f22e86b09?s=96&d=mm&r=g","caption":"Comunicaci\u00f3 Integral Neorg"},"sameAs":["https:\/\/www.hotelcostabrava.com"]}]}},"_links":{"self":[{"href":"https:\/\/www.hotelcostabrava.com\/es\/wp-json\/wp\/v2\/posts\/12090","targetHints":{"allow":["GET"]}}],"collection":[{"href":"https:\/\/www.hotelcostabrava.com\/es\/wp-json\/wp\/v2\/posts"}],"about":[{"href":"https:\/\/www.hotelcostabrava.com\/es\/wp-json\/wp\/v2\/types\/post"}],"author":[{"embeddable":true,"href":"https:\/\/www.hotelcostabrava.com\/es\/wp-json\/wp\/v2\/users\/1"}],"replies":[{"embeddable":true,"href":"https:\/\/www.hotelcostabrava.com\/es\/wp-json\/wp\/v2\/comments?post=12090"}],"version-history":[{"count":3,"href":"https:\/\/www.hotelcostabrava.com\/es\/wp-json\/wp\/v2\/posts\/12090\/revisions"}],"predecessor-version":[{"id":12094,"href":"https:\/\/www.hotelcostabrava.com\/es\/wp-json\/wp\/v2\/posts\/12090\/revisions\/12094"}],"wp:featuredmedia":[{"embeddable":true,"href":"https:\/\/www.hotelcostabrava.com\/es\/wp-json\/wp\/v2\/media\/12089"}],"wp:attachment":[{"href":"https:\/\/www.hotelcostabrava.com\/es\/wp-json\/wp\/v2\/media?parent=12090"}],"wp:term":[{"taxonomy":"category","embeddable":true,"href":"https:\/\/www.hotelcostabrava.com\/es\/wp-json\/wp\/v2\/categories?post=12090"},{"taxonomy":"post_tag","embeddable":true,"href":"https:\/\/www.hotelcostabrava.com\/es\/wp-json\/wp\/v2\/tags?post=12090"}],"curies":[{"name":"wp","href":"https:\/\/api.w.org\/{rel}","templated":true}]}}