{"id":12055,"date":"2026-08-21T09:07:24","date_gmt":"2026-08-21T07:07:24","guid":{"rendered":"https:\/\/www.hotelcostabrava.com\/?p=12055"},"modified":"2026-08-31T11:34:34","modified_gmt":"2026-08-31T09:34:34","slug":"las-mejores-playas-de-platja-daro-sant-feliu-de-guixols-palamos-y-sant-antoni-de-calonge","status":"publish","type":"post","link":"https:\/\/www.hotelcostabrava.com\/es\/las-mejores-playas-de-platja-daro-sant-feliu-de-guixols-palamos-y-sant-antoni-de-calonge\/","title":{"rendered":"Las mejores playas de Platja d\u2019Aro, Sant Feliu de Gu\u00edxols, Palam\u00f3s y Sant Antoni de Calonge"},"content":{"rendered":"<p>El Hotel Costa Brava se encuentra en una ubicaci\u00f3n privilegiada.<\/p>\n<p>La Costa Brava ha conseguido consolidarse como uno de los <strong>destinos veraniegos por antonomasia<\/strong>, entre otras muchas cosas, por la calidad y diversidad de sus zonas costeras. Los visitantes que repiten a\u00f1o tras a\u00f1o en el litoral norte de Catalu\u00f1a saben bien que es un territorio excelente para disfrutar del buen tiempo.<\/p>\n<p>En ese sentido, el Hotel Costa Brava goza de ubicaci\u00f3n envidiable: entre Cala Rovira y Platja Gran. Sin embargo, los amantes de los d\u00edas al sol en familia tambi\u00e9n tienen una gran oferta de playas a una distancia pr\u00f3xima al hotel.<\/p>\n<p><strong>\u00bfQu\u00e9 playas encontramos alrededor del Hotel Costa Brava?<\/strong><\/p>\n<p><strong>Platja d\u2019Aro<\/strong><\/p>\n<p>Cala Rovira, Platja Gran y Sa Conca son tres playas de Platja d\u2019Aro que cuentan con la <strong>Bandera Azul<\/strong>, una distinci\u00f3n que se otorga a las playas y los puertos deportivos que cumplen con una serie de condiciones ambientales e instalaciones.<\/p>\n<p>Entre <strong>Cala Rovira,<\/strong> de grandes dimensiones e ideal para los m\u00e1s peque\u00f1os, y <strong>Platja Gran,<\/strong> una de las m\u00e1s animadas de la Costa Brava por su cercan\u00eda con el eje comercial, se alza el Hotel Costa Brava. <strong>Sa Conca,<\/strong> por su parte, tiene un atractivo particular: arena gruesa, pendiente de entrada al agua pronunciada y dos tramos de agua diferenciados.<\/p>\n<p><strong>Sant Feliu de Gu\u00edxols<\/strong><\/p>\n<p>En esta localidad encontramos dos playas que brillan con luz propia: la <strong>Platja de Sant Feliu<\/strong>, tambi\u00e9n galardonada con la Bandera Azul y con todos los servicios que puedes necesitar (socorrista, duchas, alquiler de hamacas y sombrillas, actividades deportivas, parking, acceso a minusv\u00e1lidos, etc); y <strong>Platja de Sant Pol,<\/strong> reconocible por el peque\u00f1o palacio de nueve torres que completa su paisaje y las casetas de madera pintorescas de su alrededor.<\/p>\n<p><strong>Palam\u00f3s<\/strong><\/p>\n<p>La <strong>Cala de la Fosca<\/strong> en Palam\u00f3s se divide en dos por una gran roca de color negro: la Platja de la Fosca y la Platja de Sant Esteve de la Fosca. Su arena es fina, poco profunda y su agua no suele estar muy fr\u00eda, por lo que es ideal para los ni\u00f1os. Adem\u00e1s, a lo largo de la playa se encuentra el paseo mar\u00edtimo, donde se ubican casas de verano propias de mitad del siglo XX.<\/p>\n<p><strong>Sant Antoni de Calonge<\/strong><\/p>\n<p>Sant Antoni de Calonge se encuentra entre Palam\u00f3s y Platja d\u2019Aro. Esta localidad costera tiene una gran diversidad de playas. En el extremo norte de la bah\u00eda de Palam\u00f3s encontramos la <strong>Platja Es Monestir,<\/strong> donde se ubica el Club de Pat\u00edn Catal\u00e1n de Vela de Girona.<\/p>\n<p>La <strong>Platja de Sant Antoni<\/strong> se extiende haciendo una curva por la bah\u00eda. Est\u00e1 dividida en tres espigones con forma de \u201cT\u201d: el \u201cespig\u00f3n de la Amistad\u00bb, el \u201cespig\u00f3n del Medio\u201d y el \u201cespig\u00f3n Costa Brava\u201d.<\/p>\n<p>La <strong>Platja Can Cristus<\/strong> y la <strong>Platja de Ses Torretes<\/strong>, ambas con la distinci\u00f3n de Bandera Azul, son extensas y de arena gruesa. Finalmente, la <strong>Platja d\u2019Es Monestri,<\/strong> la \u00faltima que pertenece a la Badia de Sant Antoni de Calonge, est\u00e1 formada por arena fina de color dorado.<\/p>\n<p>Para terminar, es necesario hacer una menci\u00f3n especial a los <strong>Senderos Azules cercanos al Hotel Costa Brava<\/strong>, es decir, los itinerarios que comunican playas o puertos con Bandera Azul y que contribuyen a la sostenibilidad del litoral:<\/p>\n<ul>\n<li>El <strong>Camino de Ronda de Sant Pol a Sant Feliu de Gu\u00edxols<\/strong>: este recorrido entre localidades son unos 5 km de ida y vuelta. Tiene buena accesibilidad, pero tambi\u00e9n diferentes tramos de escaleras. Permite observar lugares pr\u00e1cticamente v\u00edrgenes y de gran belleza.<\/li>\n<li>El <strong>Camino de Ronda de Calonge<\/strong>: esta excursi\u00f3n va de Sant Antoni de Calonge hasta la Platja de Can Cristus. Es entretenida, sin complicaciones, ideal para los m\u00e1s peque\u00f1os y con el gran premio final de ba\u00f1arte en una cala de agua cristalina.<\/li>\n<li>El <strong>Camino de Ronda de S\u2019Agar\u00f3<\/strong> conecta Platja de Sant Pol con la Cala Sa Conca de S\u2019Agar\u00f3. Es considerado uno de los recorridos m\u00e1s bonitos y tambi\u00e9n uno de los mejores adaptados para personas con movilidad reducida.<\/li>\n<\/ul>\n","protected":false},"excerpt":{"rendered":"<p>El Hotel Costa Brava se encuentra en una ubicaci\u00f3n privilegiada. La Costa Brava ha conseguido consolidarse como uno de los destinos veraniegos por antonomasia, entre otras muchas cosas, por la calidad y diversidad de sus zonas costeras. Los visitantes que repiten a\u00f1o tras a\u00f1o en el litoral norte de Catalu\u00f1a saben bien que es un&hellip;&nbsp;<\/p>\n","protected":false},"author":1,"featured_media":12054,"comment_status":"closed","ping_status":"closed","sticky":false,"template":"","format":"standard","meta":{"_acf_changed":false,"neve_meta_sidebar":"","neve_meta_container":"","neve_meta_enable_content_width":"off","neve_meta_content_width":100,"neve_meta_title_alignment":"","neve_meta_author_avatar":"","neve_post_elements_order":"","neve_meta_disable_header":"","neve_meta_disable_footer":"","neve_meta_disable_title":"","neve_meta_reading_time":"","footnotes":""},"categories":[25],"tags":[],"class_list":["post-12055","post","type-post","status-publish","format-standard","has-post-thumbnail","hentry","category-sin-categorizar"],"acf":[],"yoast_head":"<!-- This site is optimized with the Yoast SEO plugin v28.4 - https:\/\/yoast.com\/product\/yoast-seo-wordpress\/ -->\n<title>Las mejores playas de Platja d\u2019Aro, Sant Feliu de Gu\u00edxols, Palam\u00f3s y Sant Antoni de Calonge | Hotel Costa Brava<\/title>\n<meta name=\"robots\" content=\"index, follow, max-snippet:-1, max-image-preview:large, max-video-preview:-1\" \/>\n<link rel=\"canonical\" href=\"https:\/\/www.hotelcostabrava.com\/es\/las-mejores-playas-de-platja-daro-sant-feliu-de-guixols-palamos-y-sant-antoni-de-calonge\/\" \/>\n<meta property=\"og:locale\" content=\"es_ES\" \/>\n<meta property=\"og:type\" content=\"article\" \/>\n<meta property=\"og:title\" content=\"Las mejores playas de Platja d\u2019Aro, Sant Feliu de Gu\u00edxols, Palam\u00f3s y Sant Antoni de Calonge | Hotel Costa Brava\" \/>\n<meta property=\"og:description\" content=\"El Hotel Costa Brava se encuentra en una ubicaci\u00f3n privilegiada. La Costa Brava ha conseguido consolidarse como uno de los destinos veraniegos por antonomasia, entre otras muchas cosas, por la calidad y diversidad de sus zonas costeras. Los visitantes que repiten a\u00f1o tras a\u00f1o en el litoral norte de Catalu\u00f1a saben bien que es un&hellip;&nbsp;\" \/>\n<meta property=\"og:url\" content=\"https:\/\/www.hotelcostabrava.com\/es\/las-mejores-playas-de-platja-daro-sant-feliu-de-guixols-palamos-y-sant-antoni-de-calonge\/\" \/>\n<meta property=\"og:site_name\" content=\"Hotel Costa Brava\" \/>\n<meta property=\"article:published_time\" content=\"2026-08-21T07:07:24+00:00\" \/>\n<meta property=\"article:modified_time\" content=\"2026-08-31T09:34:34+00:00\" \/>\n<meta property=\"og:image\" content=\"https:\/\/www.hotelcostabrava.com\/wp-content\/uploads\/2026\/08\/playas.jpg\" \/>\n\t<meta property=\"og:image:width\" content=\"2500\" \/>\n\t<meta property=\"og:image:height\" content=\"1667\" \/>\n\t<meta property=\"og:image:type\" content=\"image\/jpeg\" \/>\n<meta name=\"author\" content=\"Comunicaci\u00f3 Integral Neorg\" \/>\n<meta name=\"twitter:card\" content=\"summary_large_image\" \/>\n<meta name=\"twitter:label1\" content=\"Escrito por\" \/>\n\t<meta name=\"twitter:data1\" content=\"Comunicaci\u00f3 Integral Neorg\" \/>\n\t<meta name=\"twitter:label2\" content=\"Tiempo de lectura\" \/>\n\t<meta name=\"twitter:data2\" content=\"4 minutos\" \/>\n<script type=\"application\/ld+json\" class=\"yoast-schema-graph\">{\"@context\":\"https:\\\/\\\/schema.org\",\"@graph\":[{\"@type\":\"Article\",\"@id\":\"https:\\\/\\\/www.hotelcostabrava.com\\\/es\\\/las-mejores-playas-de-platja-daro-sant-feliu-de-guixols-palamos-y-sant-antoni-de-calonge\\\/#article\",\"isPartOf\":{\"@id\":\"https:\\\/\\\/www.hotelcostabrava.com\\\/es\\\/las-mejores-playas-de-platja-daro-sant-feliu-de-guixols-palamos-y-sant-antoni-de-calonge\\\/\"},\"author\":{\"name\":\"Comunicaci\u00f3 Integral Neorg\",\"@id\":\"https:\\\/\\\/www.hotelcostabrava.com\\\/es\\\/#\\\/schema\\\/person\\\/b1ca867022e23628bd7054e89c819231\"},\"headline\":\"Las mejores playas de Platja d\u2019Aro, Sant Feliu de Gu\u00edxols, Palam\u00f3s y Sant Antoni de Calonge\",\"datePublished\":\"2026-08-21T07:07:24+00:00\",\"dateModified\":\"2026-08-31T09:34:34+00:00\",\"mainEntityOfPage\":{\"@id\":\"https:\\\/\\\/www.hotelcostabrava.com\\\/es\\\/las-mejores-playas-de-platja-daro-sant-feliu-de-guixols-palamos-y-sant-antoni-de-calonge\\\/\"},\"wordCount\":729,\"publisher\":{\"@id\":\"https:\\\/\\\/www.hotelcostabrava.com\\\/es\\\/#organization\"},\"image\":{\"@id\":\"https:\\\/\\\/www.hotelcostabrava.com\\\/es\\\/las-mejores-playas-de-platja-daro-sant-feliu-de-guixols-palamos-y-sant-antoni-de-calonge\\\/#primaryimage\"},\"thumbnailUrl\":\"https:\\\/\\\/www.hotelcostabrava.com\\\/wp-content\\\/uploads\\\/2026\\\/08\\\/playas.jpg\",\"articleSection\":[\"Aromar Hotels\"],\"inLanguage\":\"es\"},{\"@type\":\"WebPage\",\"@id\":\"https:\\\/\\\/www.hotelcostabrava.com\\\/es\\\/las-mejores-playas-de-platja-daro-sant-feliu-de-guixols-palamos-y-sant-antoni-de-calonge\\\/\",\"url\":\"https:\\\/\\\/www.hotelcostabrava.com\\\/es\\\/las-mejores-playas-de-platja-daro-sant-feliu-de-guixols-palamos-y-sant-antoni-de-calonge\\\/\",\"name\":\"Las mejores playas de Platja d\u2019Aro, Sant Feliu de Gu\u00edxols, Palam\u00f3s y Sant Antoni de Calonge | Hotel Costa Brava\",\"isPartOf\":{\"@id\":\"https:\\\/\\\/www.hotelcostabrava.com\\\/es\\\/#website\"},\"primaryImageOfPage\":{\"@id\":\"https:\\\/\\\/www.hotelcostabrava.com\\\/es\\\/las-mejores-playas-de-platja-daro-sant-feliu-de-guixols-palamos-y-sant-antoni-de-calonge\\\/#primaryimage\"},\"image\":{\"@id\":\"https:\\\/\\\/www.hotelcostabrava.com\\\/es\\\/las-mejores-playas-de-platja-daro-sant-feliu-de-guixols-palamos-y-sant-antoni-de-calonge\\\/#primaryimage\"},\"thumbnailUrl\":\"https:\\\/\\\/www.hotelcostabrava.com\\\/wp-content\\\/uploads\\\/2026\\\/08\\\/playas.jpg\",\"datePublished\":\"2026-08-21T07:07:24+00:00\",\"dateModified\":\"2026-08-31T09:34:34+00:00\",\"breadcrumb\":{\"@id\":\"https:\\\/\\\/www.hotelcostabrava.com\\\/es\\\/las-mejores-playas-de-platja-daro-sant-feliu-de-guixols-palamos-y-sant-antoni-de-calonge\\\/#breadcrumb\"},\"inLanguage\":\"es\",\"potentialAction\":[{\"@type\":\"ReadAction\",\"target\":[\"https:\\\/\\\/www.hotelcostabrava.com\\\/es\\\/las-mejores-playas-de-platja-daro-sant-feliu-de-guixols-palamos-y-sant-antoni-de-calonge\\\/\"]}]},{\"@type\":\"ImageObject\",\"inLanguage\":\"es\",\"@id\":\"https:\\\/\\\/www.hotelcostabrava.com\\\/es\\\/las-mejores-playas-de-platja-daro-sant-feliu-de-guixols-palamos-y-sant-antoni-de-calonge\\\/#primaryimage\",\"url\":\"https:\\\/\\\/www.hotelcostabrava.com\\\/wp-content\\\/uploads\\\/2026\\\/08\\\/playas.jpg\",\"contentUrl\":\"https:\\\/\\\/www.hotelcostabrava.com\\\/wp-content\\\/uploads\\\/2026\\\/08\\\/playas.jpg\",\"width\":2500,\"height\":1667},{\"@type\":\"BreadcrumbList\",\"@id\":\"https:\\\/\\\/www.hotelcostabrava.com\\\/es\\\/las-mejores-playas-de-platja-daro-sant-feliu-de-guixols-palamos-y-sant-antoni-de-calonge\\\/#breadcrumb\",\"itemListElement\":[{\"@type\":\"ListItem\",\"position\":1,\"name\":\"Portada\",\"item\":\"https:\\\/\\\/www.hotelcostabrava.com\\\/es\\\/\"},{\"@type\":\"ListItem\",\"position\":2,\"name\":\"Las mejores playas de Platja d\u2019Aro, Sant Feliu de Gu\u00edxols, Palam\u00f3s y Sant Antoni de Calonge\"}]},{\"@type\":\"WebSite\",\"@id\":\"https:\\\/\\\/www.hotelcostabrava.com\\\/es\\\/#website\",\"url\":\"https:\\\/\\\/www.hotelcostabrava.com\\\/es\\\/\",\"name\":\"Aromar Hotels & Restaurants\",\"description\":\"Hotel a primera l\u00ednia de mar a Platja d&#039;Aro, Costa Brava\",\"publisher\":{\"@id\":\"https:\\\/\\\/www.hotelcostabrava.com\\\/es\\\/#organization\"},\"alternateName\":\"Aromar Hotels & Restaurants\",\"potentialAction\":[{\"@type\":\"SearchAction\",\"target\":{\"@type\":\"EntryPoint\",\"urlTemplate\":\"https:\\\/\\\/www.hotelcostabrava.com\\\/es\\\/?s={search_term_string}\"},\"query-input\":{\"@type\":\"PropertyValueSpecification\",\"valueRequired\":true,\"valueName\":\"search_term_string\"}}],\"inLanguage\":\"es\"},{\"@type\":\"Organization\",\"@id\":\"https:\\\/\\\/www.hotelcostabrava.com\\\/es\\\/#organization\",\"name\":\"Aromar Hotels\",\"alternateName\":\"Aromar Hotels\",\"url\":\"https:\\\/\\\/www.hotelcostabrava.com\\\/es\\\/\",\"logo\":{\"@type\":\"ImageObject\",\"inLanguage\":\"es\",\"@id\":\"https:\\\/\\\/www.hotelcostabrava.com\\\/es\\\/#\\\/schema\\\/logo\\\/image\\\/\",\"url\":\"https:\\\/\\\/www.hotelcostabrava.com\\\/wp-content\\\/uploads\\\/2024\\\/04\\\/Aromar-2.jpg\",\"contentUrl\":\"https:\\\/\\\/www.hotelcostabrava.com\\\/wp-content\\\/uploads\\\/2024\\\/04\\\/Aromar-2.jpg\",\"width\":696,\"height\":696,\"caption\":\"Aromar Hotels\"},\"image\":{\"@id\":\"https:\\\/\\\/www.hotelcostabrava.com\\\/es\\\/#\\\/schema\\\/logo\\\/image\\\/\"}},{\"@type\":\"Person\",\"@id\":\"https:\\\/\\\/www.hotelcostabrava.com\\\/es\\\/#\\\/schema\\\/person\\\/b1ca867022e23628bd7054e89c819231\",\"name\":\"Comunicaci\u00f3 Integral Neorg\",\"image\":{\"@type\":\"ImageObject\",\"inLanguage\":\"es\",\"@id\":\"https:\\\/\\\/secure.gravatar.com\\\/avatar\\\/709d3d8015183afa7401c02e2291a538cbfd4ffe62f4d86ce5f4871f22e86b09?s=96&d=mm&r=g\",\"url\":\"https:\\\/\\\/secure.gravatar.com\\\/avatar\\\/709d3d8015183afa7401c02e2291a538cbfd4ffe62f4d86ce5f4871f22e86b09?s=96&d=mm&r=g\",\"contentUrl\":\"https:\\\/\\\/secure.gravatar.com\\\/avatar\\\/709d3d8015183afa7401c02e2291a538cbfd4ffe62f4d86ce5f4871f22e86b09?s=96&d=mm&r=g\",\"caption\":\"Comunicaci\u00f3 Integral Neorg\"},\"sameAs\":[\"https:\\\/\\\/www.hotelcostabrava.com\"]}]}<\/script>\n<!-- \/ Yoast SEO plugin. -->","yoast_head_json":{"title":"Las mejores playas de Platja d\u2019Aro, Sant Feliu de Gu\u00edxols, Palam\u00f3s y Sant Antoni de Calonge | Hotel Costa Brava","robots":{"index":"index","follow":"follow","max-snippet":"max-snippet:-1","max-image-preview":"max-image-preview:large","max-video-preview":"max-video-preview:-1"},"canonical":"https:\/\/www.hotelcostabrava.com\/es\/las-mejores-playas-de-platja-daro-sant-feliu-de-guixols-palamos-y-sant-antoni-de-calonge\/","og_locale":"es_ES","og_type":"article","og_title":"Las mejores playas de Platja d\u2019Aro, Sant Feliu de Gu\u00edxols, Palam\u00f3s y Sant Antoni de Calonge | Hotel Costa Brava","og_description":"El Hotel Costa Brava se encuentra en una ubicaci\u00f3n privilegiada. La Costa Brava ha conseguido consolidarse como uno de los destinos veraniegos por antonomasia, entre otras muchas cosas, por la calidad y diversidad de sus zonas costeras. Los visitantes que repiten a\u00f1o tras a\u00f1o en el litoral norte de Catalu\u00f1a saben bien que es un&hellip;&nbsp;","og_url":"https:\/\/www.hotelcostabrava.com\/es\/las-mejores-playas-de-platja-daro-sant-feliu-de-guixols-palamos-y-sant-antoni-de-calonge\/","og_site_name":"Hotel Costa Brava","article_published_time":"2026-08-21T07:07:24+00:00","article_modified_time":"2026-08-31T09:34:34+00:00","og_image":[{"width":2500,"height":1667,"url":"https:\/\/www.hotelcostabrava.com\/wp-content\/uploads\/2026\/08\/playas.jpg","type":"image\/jpeg"}],"author":"Comunicaci\u00f3 Integral Neorg","twitter_card":"summary_large_image","twitter_misc":{"Escrito por":"Comunicaci\u00f3 Integral Neorg","Tiempo de lectura":"4 minutos"},"schema":{"@context":"https:\/\/schema.org","@graph":[{"@type":"Article","@id":"https:\/\/www.hotelcostabrava.com\/es\/las-mejores-playas-de-platja-daro-sant-feliu-de-guixols-palamos-y-sant-antoni-de-calonge\/#article","isPartOf":{"@id":"https:\/\/www.hotelcostabrava.com\/es\/las-mejores-playas-de-platja-daro-sant-feliu-de-guixols-palamos-y-sant-antoni-de-calonge\/"},"author":{"name":"Comunicaci\u00f3 Integral Neorg","@id":"https:\/\/www.hotelcostabrava.com\/es\/#\/schema\/person\/b1ca867022e23628bd7054e89c819231"},"headline":"Las mejores playas de Platja d\u2019Aro, Sant Feliu de Gu\u00edxols, Palam\u00f3s y Sant Antoni de Calonge","datePublished":"2026-08-21T07:07:24+00:00","dateModified":"2026-08-31T09:34:34+00:00","mainEntityOfPage":{"@id":"https:\/\/www.hotelcostabrava.com\/es\/las-mejores-playas-de-platja-daro-sant-feliu-de-guixols-palamos-y-sant-antoni-de-calonge\/"},"wordCount":729,"publisher":{"@id":"https:\/\/www.hotelcostabrava.com\/es\/#organization"},"image":{"@id":"https:\/\/www.hotelcostabrava.com\/es\/las-mejores-playas-de-platja-daro-sant-feliu-de-guixols-palamos-y-sant-antoni-de-calonge\/#primaryimage"},"thumbnailUrl":"https:\/\/www.hotelcostabrava.com\/wp-content\/uploads\/2026\/08\/playas.jpg","articleSection":["Aromar Hotels"],"inLanguage":"es"},{"@type":"WebPage","@id":"https:\/\/www.hotelcostabrava.com\/es\/las-mejores-playas-de-platja-daro-sant-feliu-de-guixols-palamos-y-sant-antoni-de-calonge\/","url":"https:\/\/www.hotelcostabrava.com\/es\/las-mejores-playas-de-platja-daro-sant-feliu-de-guixols-palamos-y-sant-antoni-de-calonge\/","name":"Las mejores playas de Platja d\u2019Aro, Sant Feliu de Gu\u00edxols, Palam\u00f3s y Sant Antoni de Calonge | Hotel Costa Brava","isPartOf":{"@id":"https:\/\/www.hotelcostabrava.com\/es\/#website"},"primaryImageOfPage":{"@id":"https:\/\/www.hotelcostabrava.com\/es\/las-mejores-playas-de-platja-daro-sant-feliu-de-guixols-palamos-y-sant-antoni-de-calonge\/#primaryimage"},"image":{"@id":"https:\/\/www.hotelcostabrava.com\/es\/las-mejores-playas-de-platja-daro-sant-feliu-de-guixols-palamos-y-sant-antoni-de-calonge\/#primaryimage"},"thumbnailUrl":"https:\/\/www.hotelcostabrava.com\/wp-content\/uploads\/2026\/08\/playas.jpg","datePublished":"2026-08-21T07:07:24+00:00","dateModified":"2026-08-31T09:34:34+00:00","breadcrumb":{"@id":"https:\/\/www.hotelcostabrava.com\/es\/las-mejores-playas-de-platja-daro-sant-feliu-de-guixols-palamos-y-sant-antoni-de-calonge\/#breadcrumb"},"inLanguage":"es","potentialAction":[{"@type":"ReadAction","target":["https:\/\/www.hotelcostabrava.com\/es\/las-mejores-playas-de-platja-daro-sant-feliu-de-guixols-palamos-y-sant-antoni-de-calonge\/"]}]},{"@type":"ImageObject","inLanguage":"es","@id":"https:\/\/www.hotelcostabrava.com\/es\/las-mejores-playas-de-platja-daro-sant-feliu-de-guixols-palamos-y-sant-antoni-de-calonge\/#primaryimage","url":"https:\/\/www.hotelcostabrava.com\/wp-content\/uploads\/2026\/08\/playas.jpg","contentUrl":"https:\/\/www.hotelcostabrava.com\/wp-content\/uploads\/2026\/08\/playas.jpg","width":2500,"height":1667},{"@type":"BreadcrumbList","@id":"https:\/\/www.hotelcostabrava.com\/es\/las-mejores-playas-de-platja-daro-sant-feliu-de-guixols-palamos-y-sant-antoni-de-calonge\/#breadcrumb","itemListElement":[{"@type":"ListItem","position":1,"name":"Portada","item":"https:\/\/www.hotelcostabrava.com\/es\/"},{"@type":"ListItem","position":2,"name":"Las mejores playas de Platja d\u2019Aro, Sant Feliu de Gu\u00edxols, Palam\u00f3s y Sant Antoni de Calonge"}]},{"@type":"WebSite","@id":"https:\/\/www.hotelcostabrava.com\/es\/#website","url":"https:\/\/www.hotelcostabrava.com\/es\/","name":"Aromar Hotels & Restaurants","description":"Hotel a primera l\u00ednia de mar a Platja d&#039;Aro, Costa Brava","publisher":{"@id":"https:\/\/www.hotelcostabrava.com\/es\/#organization"},"alternateName":"Aromar Hotels & Restaurants","potentialAction":[{"@type":"SearchAction","target":{"@type":"EntryPoint","urlTemplate":"https:\/\/www.hotelcostabrava.com\/es\/?s={search_term_string}"},"query-input":{"@type":"PropertyValueSpecification","valueRequired":true,"valueName":"search_term_string"}}],"inLanguage":"es"},{"@type":"Organization","@id":"https:\/\/www.hotelcostabrava.com\/es\/#organization","name":"Aromar Hotels","alternateName":"Aromar Hotels","url":"https:\/\/www.hotelcostabrava.com\/es\/","logo":{"@type":"ImageObject","inLanguage":"es","@id":"https:\/\/www.hotelcostabrava.com\/es\/#\/schema\/logo\/image\/","url":"https:\/\/www.hotelcostabrava.com\/wp-content\/uploads\/2024\/04\/Aromar-2.jpg","contentUrl":"https:\/\/www.hotelcostabrava.com\/wp-content\/uploads\/2024\/04\/Aromar-2.jpg","width":696,"height":696,"caption":"Aromar Hotels"},"image":{"@id":"https:\/\/www.hotelcostabrava.com\/es\/#\/schema\/logo\/image\/"}},{"@type":"Person","@id":"https:\/\/www.hotelcostabrava.com\/es\/#\/schema\/person\/b1ca867022e23628bd7054e89c819231","name":"Comunicaci\u00f3 Integral Neorg","image":{"@type":"ImageObject","inLanguage":"es","@id":"https:\/\/secure.gravatar.com\/avatar\/709d3d8015183afa7401c02e2291a538cbfd4ffe62f4d86ce5f4871f22e86b09?s=96&d=mm&r=g","url":"https:\/\/secure.gravatar.com\/avatar\/709d3d8015183afa7401c02e2291a538cbfd4ffe62f4d86ce5f4871f22e86b09?s=96&d=mm&r=g","contentUrl":"https:\/\/secure.gravatar.com\/avatar\/709d3d8015183afa7401c02e2291a538cbfd4ffe62f4d86ce5f4871f22e86b09?s=96&d=mm&r=g","caption":"Comunicaci\u00f3 Integral Neorg"},"sameAs":["https:\/\/www.hotelcostabrava.com"]}]}},"_links":{"self":[{"href":"https:\/\/www.hotelcostabrava.com\/es\/wp-json\/wp\/v2\/posts\/12055","targetHints":{"allow":["GET"]}}],"collection":[{"href":"https:\/\/www.hotelcostabrava.com\/es\/wp-json\/wp\/v2\/posts"}],"about":[{"href":"https:\/\/www.hotelcostabrava.com\/es\/wp-json\/wp\/v2\/types\/post"}],"author":[{"embeddable":true,"href":"https:\/\/www.hotelcostabrava.com\/es\/wp-json\/wp\/v2\/users\/1"}],"replies":[{"embeddable":true,"href":"https:\/\/www.hotelcostabrava.com\/es\/wp-json\/wp\/v2\/comments?post=12055"}],"version-history":[{"count":2,"href":"https:\/\/www.hotelcostabrava.com\/es\/wp-json\/wp\/v2\/posts\/12055\/revisions"}],"predecessor-version":[{"id":12059,"href":"https:\/\/www.hotelcostabrava.com\/es\/wp-json\/wp\/v2\/posts\/12055\/revisions\/12059"}],"wp:featuredmedia":[{"embeddable":true,"href":"https:\/\/www.hotelcostabrava.com\/es\/wp-json\/wp\/v2\/media\/12054"}],"wp:attachment":[{"href":"https:\/\/www.hotelcostabrava.com\/es\/wp-json\/wp\/v2\/media?parent=12055"}],"wp:term":[{"taxonomy":"category","embeddable":true,"href":"https:\/\/www.hotelcostabrava.com\/es\/wp-json\/wp\/v2\/categories?post=12055"},{"taxonomy":"post_tag","embeddable":true,"href":"https:\/\/www.hotelcostabrava.com\/es\/wp-json\/wp\/v2\/tags?post=12055"}],"curies":[{"name":"wp","href":"https:\/\/api.w.org\/{rel}","templated":true}]}}