{"id":12022,"date":"2026-08-21T08:58:32","date_gmt":"2026-08-21T06:58:32","guid":{"rendered":"https:\/\/www.hotelcostabrava.com\/?p=12022"},"modified":"2026-08-31T10:57:09","modified_gmt":"2026-08-31T08:57:09","slug":"descubre-la-costa-brava-visitas-al-parc-dels-estanys-y-visita-la-granja-con-los-ninos","status":"publish","type":"post","link":"https:\/\/www.hotelcostabrava.com\/es\/descubre-la-costa-brava-visitas-al-parc-dels-estanys-y-visita-la-granja-con-los-ninos\/","title":{"rendered":"Descubre la Costa Brava: visitas al Parc Dels Estanys \u00a1y visita la granja con los ni\u00f1os!"},"content":{"rendered":"<p>La Oficina de Turismo de Castell-Platja d&#8217;Aro ofrece visitas a los distintos puntos de la ciudad para aprovechar en familia. Despu\u00e9s de un d\u00eda de playa \u00a1conozca la zona y su historia!<\/p>\n<p><strong>VISITAS AL PARC DELS ESTANYS<\/strong><\/p>\n<h1>Visita al Parc dels Estanys<\/h1>\n<p>Descubre en esta visita guiada escult\u00f3rica la parte art\u00edstica inmersa en el espacio natural inaugurado en 2012. Este es un museo al aire libre, con aves aut\u00f3ctonas que se mezclan con exposiciones art\u00edsticas.<\/p>\n<p><em>Todas las visitas son a las 19 horas<\/em><\/p>\n<p><strong>Catal\u00e0<\/strong><\/p>\n<p>14 de julio<\/p>\n<p>1 de septiembre<\/p>\n<p><strong>Espa\u00f1ol<\/strong><\/p>\n<p>4 y 18 de agosto<\/p>\n<h1>Visita naturalista al Parc dels Estanys<\/h1>\n<p>En esta visita naturalista, toda la familia puede introducirse y conocer la riqueza natural del parque natural de Platja D&#8217;Aro, descubrir el ciclo del agua, la flora y la fauna. \u00a1Hay m\u00e1s de 250 especies que habitan el parque o lo utilizan de descanso durante las migraciones! \u00bfTendr\u00e1s suerte de conocer alguna de ellas?<\/p>\n<p><em>Todas las visitas son a las 19 horas<\/em><\/p>\n<p><strong>Catal\u00e0-Espa\u00f1ol<\/strong><\/p>\n<p>16 y 30 de julio<\/p>\n<p>13 y 27 de agosto<\/p>\n<h1>Teatralizaci\u00f3n: Cuentos m\u00e1gicos en Parc dels Estanys<\/h1>\n<p>El Parc dels Estanys es un espacio natural, perfecto para escuchar historias m\u00e1gicas con personajes incre\u00edbles. Al finalizar los cuentos, se podr\u00e1 disfrutar del parque, donde habr\u00e1 esculturas al aire libre rodeadas del h\u00e1bitat de la zona.<\/p>\n<p><em>Todas las funciones son a las 19 horas<\/em><\/p>\n<p><strong>Catal\u00e0<\/strong><\/p>\n<p>11 de julio<\/p>\n<p>1 de agosto<\/p>\n<p><em>A partir de 3 a\u00f1os<\/em><\/p>\n<p><strong>ACTIVIDADES INFANTILES EN PLATJA D&#8217;ARO<\/strong><\/p>\n<h1>\u00bfVamos a la granja?<\/h1>\n<p>Para los m\u00e1s chicos tambi\u00e9n hay diversi\u00f3n. En la Mas\u00eda de Can Juanals de Les Eroles los ni\u00f1os se convierten en agricultores por un d\u00eda. All\u00ed pueden compartir la tarde con los animales de la granja, conocerlos, tocarlos y alimentarlos.<\/p>\n<p><strong>Catal\u00e0<\/strong><\/p>\n<p>18.30 horas<\/p>\n<p>4 y 18 de julio<\/p>\n<p>29 de agosto<\/p>\n<p><em>Ni\u00f1os de 3 a 7 a\u00f1os<\/em><\/p>\n<p><strong>Actividad en catal\u00e1n<\/strong><\/p>\n<p><strong>Catal\u00e0<\/strong><\/p>\n<p>17.30 horas<\/p>\n<p>17 de septiembre<\/p>\n<p><em><strong>Visita adaptada a personas con TEA<\/strong><\/em><\/p>\n<p><strong>Precio:<\/strong> \u20ac2,50\/persona por actividad<\/p>\n<p>Las plazas son limitadas.<\/p>\n<p>Reservar en la <a href=\"http:\/\/entrades.platjadaro.com\/\"><strong>web<\/strong><\/a> y en la Oficina de Turismo<\/p>\n","protected":false},"excerpt":{"rendered":"<p>La Oficina de Turismo de Castell-Platja d&#8217;Aro ofrece visitas a los distintos puntos de la ciudad para aprovechar en familia. Despu\u00e9s de un d\u00eda de playa \u00a1conozca la zona y su historia! VISITAS AL PARC DELS ESTANYS Visita al Parc dels Estanys Descubre en esta visita guiada escult\u00f3rica la parte art\u00edstica inmersa en el espacio&hellip;&nbsp;<\/p>\n","protected":false},"author":1,"featured_media":12021,"comment_status":"closed","ping_status":"closed","sticky":false,"template":"","format":"standard","meta":{"_acf_changed":false,"neve_meta_sidebar":"","neve_meta_container":"","neve_meta_enable_content_width":"off","neve_meta_content_width":100,"neve_meta_title_alignment":"","neve_meta_author_avatar":"","neve_post_elements_order":"","neve_meta_disable_header":"","neve_meta_disable_footer":"","neve_meta_disable_title":"","neve_meta_reading_time":"","footnotes":""},"categories":[25],"tags":[],"class_list":["post-12022","post","type-post","status-publish","format-standard","has-post-thumbnail","hentry","category-sin-categorizar"],"acf":[],"yoast_head":"<!-- This site is optimized with the Yoast SEO plugin v28.4 - https:\/\/yoast.com\/product\/yoast-seo-wordpress\/ -->\n<title>Descubre la Costa Brava: visitas al Parc Dels Estanys \u00a1y visita la granja con los ni\u00f1os! | Hotel Costa Brava<\/title>\n<meta name=\"robots\" content=\"index, follow, max-snippet:-1, max-image-preview:large, max-video-preview:-1\" \/>\n<link rel=\"canonical\" href=\"https:\/\/www.hotelcostabrava.com\/es\/descubre-la-costa-brava-visitas-al-parc-dels-estanys-y-visita-la-granja-con-los-ninos\/\" \/>\n<meta property=\"og:locale\" content=\"es_ES\" \/>\n<meta property=\"og:type\" content=\"article\" \/>\n<meta property=\"og:title\" content=\"Descubre la Costa Brava: visitas al Parc Dels Estanys \u00a1y visita la granja con los ni\u00f1os! | Hotel Costa Brava\" \/>\n<meta property=\"og:description\" content=\"La Oficina de Turismo de Castell-Platja d&#8217;Aro ofrece visitas a los distintos puntos de la ciudad para aprovechar en familia. Despu\u00e9s de un d\u00eda de playa \u00a1conozca la zona y su historia! VISITAS AL PARC DELS ESTANYS Visita al Parc dels Estanys Descubre en esta visita guiada escult\u00f3rica la parte art\u00edstica inmersa en el espacio&hellip;&nbsp;\" \/>\n<meta property=\"og:url\" content=\"https:\/\/www.hotelcostabrava.com\/es\/descubre-la-costa-brava-visitas-al-parc-dels-estanys-y-visita-la-granja-con-los-ninos\/\" \/>\n<meta property=\"og:site_name\" content=\"Hotel Costa Brava\" \/>\n<meta property=\"article:published_time\" content=\"2026-08-21T06:58:32+00:00\" \/>\n<meta property=\"article:modified_time\" content=\"2026-08-31T08:57:09+00:00\" \/>\n<meta property=\"og:image\" content=\"https:\/\/www.hotelcostabrava.com\/wp-content\/uploads\/2026\/08\/parc-estanys.webp\" \/>\n\t<meta property=\"og:image:width\" content=\"1774\" \/>\n\t<meta property=\"og:image:height\" content=\"887\" \/>\n\t<meta property=\"og:image:type\" content=\"image\/webp\" \/>\n<meta name=\"author\" content=\"Comunicaci\u00f3 Integral Neorg\" \/>\n<meta name=\"twitter:card\" content=\"summary_large_image\" \/>\n<meta name=\"twitter:label1\" content=\"Escrito por\" \/>\n\t<meta name=\"twitter:data1\" content=\"Comunicaci\u00f3 Integral Neorg\" \/>\n\t<meta name=\"twitter:label2\" content=\"Tiempo de lectura\" \/>\n\t<meta name=\"twitter:data2\" content=\"3 minutos\" \/>\n<script type=\"application\/ld+json\" class=\"yoast-schema-graph\">{\"@context\":\"https:\\\/\\\/schema.org\",\"@graph\":[{\"@type\":\"Article\",\"@id\":\"https:\\\/\\\/www.hotelcostabrava.com\\\/es\\\/descubre-la-costa-brava-visitas-al-parc-dels-estanys-y-visita-la-granja-con-los-ninos\\\/#article\",\"isPartOf\":{\"@id\":\"https:\\\/\\\/www.hotelcostabrava.com\\\/es\\\/descubre-la-costa-brava-visitas-al-parc-dels-estanys-y-visita-la-granja-con-los-ninos\\\/\"},\"author\":{\"name\":\"Comunicaci\u00f3 Integral Neorg\",\"@id\":\"https:\\\/\\\/www.hotelcostabrava.com\\\/es\\\/#\\\/schema\\\/person\\\/b1ca867022e23628bd7054e89c819231\"},\"headline\":\"Descubre la Costa Brava: visitas al Parc Dels Estanys \u00a1y visita la granja con los ni\u00f1os!\",\"datePublished\":\"2026-08-21T06:58:32+00:00\",\"dateModified\":\"2026-08-31T08:57:09+00:00\",\"mainEntityOfPage\":{\"@id\":\"https:\\\/\\\/www.hotelcostabrava.com\\\/es\\\/descubre-la-costa-brava-visitas-al-parc-dels-estanys-y-visita-la-granja-con-los-ninos\\\/\"},\"wordCount\":360,\"publisher\":{\"@id\":\"https:\\\/\\\/www.hotelcostabrava.com\\\/es\\\/#organization\"},\"image\":{\"@id\":\"https:\\\/\\\/www.hotelcostabrava.com\\\/es\\\/descubre-la-costa-brava-visitas-al-parc-dels-estanys-y-visita-la-granja-con-los-ninos\\\/#primaryimage\"},\"thumbnailUrl\":\"https:\\\/\\\/www.hotelcostabrava.com\\\/wp-content\\\/uploads\\\/2026\\\/08\\\/parc-estanys.webp\",\"articleSection\":[\"Aromar Hotels\"],\"inLanguage\":\"es\"},{\"@type\":\"WebPage\",\"@id\":\"https:\\\/\\\/www.hotelcostabrava.com\\\/es\\\/descubre-la-costa-brava-visitas-al-parc-dels-estanys-y-visita-la-granja-con-los-ninos\\\/\",\"url\":\"https:\\\/\\\/www.hotelcostabrava.com\\\/es\\\/descubre-la-costa-brava-visitas-al-parc-dels-estanys-y-visita-la-granja-con-los-ninos\\\/\",\"name\":\"Descubre la Costa Brava: visitas al Parc Dels Estanys \u00a1y visita la granja con los ni\u00f1os! | Hotel Costa Brava\",\"isPartOf\":{\"@id\":\"https:\\\/\\\/www.hotelcostabrava.com\\\/es\\\/#website\"},\"primaryImageOfPage\":{\"@id\":\"https:\\\/\\\/www.hotelcostabrava.com\\\/es\\\/descubre-la-costa-brava-visitas-al-parc-dels-estanys-y-visita-la-granja-con-los-ninos\\\/#primaryimage\"},\"image\":{\"@id\":\"https:\\\/\\\/www.hotelcostabrava.com\\\/es\\\/descubre-la-costa-brava-visitas-al-parc-dels-estanys-y-visita-la-granja-con-los-ninos\\\/#primaryimage\"},\"thumbnailUrl\":\"https:\\\/\\\/www.hotelcostabrava.com\\\/wp-content\\\/uploads\\\/2026\\\/08\\\/parc-estanys.webp\",\"datePublished\":\"2026-08-21T06:58:32+00:00\",\"dateModified\":\"2026-08-31T08:57:09+00:00\",\"breadcrumb\":{\"@id\":\"https:\\\/\\\/www.hotelcostabrava.com\\\/es\\\/descubre-la-costa-brava-visitas-al-parc-dels-estanys-y-visita-la-granja-con-los-ninos\\\/#breadcrumb\"},\"inLanguage\":\"es\",\"potentialAction\":[{\"@type\":\"ReadAction\",\"target\":[\"https:\\\/\\\/www.hotelcostabrava.com\\\/es\\\/descubre-la-costa-brava-visitas-al-parc-dels-estanys-y-visita-la-granja-con-los-ninos\\\/\"]}]},{\"@type\":\"ImageObject\",\"inLanguage\":\"es\",\"@id\":\"https:\\\/\\\/www.hotelcostabrava.com\\\/es\\\/descubre-la-costa-brava-visitas-al-parc-dels-estanys-y-visita-la-granja-con-los-ninos\\\/#primaryimage\",\"url\":\"https:\\\/\\\/www.hotelcostabrava.com\\\/wp-content\\\/uploads\\\/2026\\\/08\\\/parc-estanys.webp\",\"contentUrl\":\"https:\\\/\\\/www.hotelcostabrava.com\\\/wp-content\\\/uploads\\\/2026\\\/08\\\/parc-estanys.webp\",\"width\":1774,\"height\":887},{\"@type\":\"BreadcrumbList\",\"@id\":\"https:\\\/\\\/www.hotelcostabrava.com\\\/es\\\/descubre-la-costa-brava-visitas-al-parc-dels-estanys-y-visita-la-granja-con-los-ninos\\\/#breadcrumb\",\"itemListElement\":[{\"@type\":\"ListItem\",\"position\":1,\"name\":\"Portada\",\"item\":\"https:\\\/\\\/www.hotelcostabrava.com\\\/es\\\/\"},{\"@type\":\"ListItem\",\"position\":2,\"name\":\"Descubre la Costa Brava: visitas al Parc Dels Estanys \u00a1y visita la granja con los ni\u00f1os!\"}]},{\"@type\":\"WebSite\",\"@id\":\"https:\\\/\\\/www.hotelcostabrava.com\\\/es\\\/#website\",\"url\":\"https:\\\/\\\/www.hotelcostabrava.com\\\/es\\\/\",\"name\":\"Aromar Hotels & Restaurants\",\"description\":\"Hotel a primera l\u00ednia de mar a Platja d&#039;Aro, Costa Brava\",\"publisher\":{\"@id\":\"https:\\\/\\\/www.hotelcostabrava.com\\\/es\\\/#organization\"},\"alternateName\":\"Aromar Hotels & Restaurants\",\"potentialAction\":[{\"@type\":\"SearchAction\",\"target\":{\"@type\":\"EntryPoint\",\"urlTemplate\":\"https:\\\/\\\/www.hotelcostabrava.com\\\/es\\\/?s={search_term_string}\"},\"query-input\":{\"@type\":\"PropertyValueSpecification\",\"valueRequired\":true,\"valueName\":\"search_term_string\"}}],\"inLanguage\":\"es\"},{\"@type\":\"Organization\",\"@id\":\"https:\\\/\\\/www.hotelcostabrava.com\\\/es\\\/#organization\",\"name\":\"Aromar Hotels\",\"alternateName\":\"Aromar Hotels\",\"url\":\"https:\\\/\\\/www.hotelcostabrava.com\\\/es\\\/\",\"logo\":{\"@type\":\"ImageObject\",\"inLanguage\":\"es\",\"@id\":\"https:\\\/\\\/www.hotelcostabrava.com\\\/es\\\/#\\\/schema\\\/logo\\\/image\\\/\",\"url\":\"https:\\\/\\\/www.hotelcostabrava.com\\\/wp-content\\\/uploads\\\/2024\\\/04\\\/Aromar-2.jpg\",\"contentUrl\":\"https:\\\/\\\/www.hotelcostabrava.com\\\/wp-content\\\/uploads\\\/2024\\\/04\\\/Aromar-2.jpg\",\"width\":696,\"height\":696,\"caption\":\"Aromar Hotels\"},\"image\":{\"@id\":\"https:\\\/\\\/www.hotelcostabrava.com\\\/es\\\/#\\\/schema\\\/logo\\\/image\\\/\"}},{\"@type\":\"Person\",\"@id\":\"https:\\\/\\\/www.hotelcostabrava.com\\\/es\\\/#\\\/schema\\\/person\\\/b1ca867022e23628bd7054e89c819231\",\"name\":\"Comunicaci\u00f3 Integral Neorg\",\"image\":{\"@type\":\"ImageObject\",\"inLanguage\":\"es\",\"@id\":\"https:\\\/\\\/secure.gravatar.com\\\/avatar\\\/709d3d8015183afa7401c02e2291a538cbfd4ffe62f4d86ce5f4871f22e86b09?s=96&d=mm&r=g\",\"url\":\"https:\\\/\\\/secure.gravatar.com\\\/avatar\\\/709d3d8015183afa7401c02e2291a538cbfd4ffe62f4d86ce5f4871f22e86b09?s=96&d=mm&r=g\",\"contentUrl\":\"https:\\\/\\\/secure.gravatar.com\\\/avatar\\\/709d3d8015183afa7401c02e2291a538cbfd4ffe62f4d86ce5f4871f22e86b09?s=96&d=mm&r=g\",\"caption\":\"Comunicaci\u00f3 Integral Neorg\"},\"sameAs\":[\"https:\\\/\\\/www.hotelcostabrava.com\"]}]}<\/script>\n<!-- \/ Yoast SEO plugin. -->","yoast_head_json":{"title":"Descubre la Costa Brava: visitas al Parc Dels Estanys \u00a1y visita la granja con los ni\u00f1os! | Hotel Costa Brava","robots":{"index":"index","follow":"follow","max-snippet":"max-snippet:-1","max-image-preview":"max-image-preview:large","max-video-preview":"max-video-preview:-1"},"canonical":"https:\/\/www.hotelcostabrava.com\/es\/descubre-la-costa-brava-visitas-al-parc-dels-estanys-y-visita-la-granja-con-los-ninos\/","og_locale":"es_ES","og_type":"article","og_title":"Descubre la Costa Brava: visitas al Parc Dels Estanys \u00a1y visita la granja con los ni\u00f1os! | Hotel Costa Brava","og_description":"La Oficina de Turismo de Castell-Platja d&#8217;Aro ofrece visitas a los distintos puntos de la ciudad para aprovechar en familia. Despu\u00e9s de un d\u00eda de playa \u00a1conozca la zona y su historia! VISITAS AL PARC DELS ESTANYS Visita al Parc dels Estanys Descubre en esta visita guiada escult\u00f3rica la parte art\u00edstica inmersa en el espacio&hellip;&nbsp;","og_url":"https:\/\/www.hotelcostabrava.com\/es\/descubre-la-costa-brava-visitas-al-parc-dels-estanys-y-visita-la-granja-con-los-ninos\/","og_site_name":"Hotel Costa Brava","article_published_time":"2026-08-21T06:58:32+00:00","article_modified_time":"2026-08-31T08:57:09+00:00","og_image":[{"width":1774,"height":887,"url":"https:\/\/www.hotelcostabrava.com\/wp-content\/uploads\/2026\/08\/parc-estanys.webp","type":"image\/webp"}],"author":"Comunicaci\u00f3 Integral Neorg","twitter_card":"summary_large_image","twitter_misc":{"Escrito por":"Comunicaci\u00f3 Integral Neorg","Tiempo de lectura":"3 minutos"},"schema":{"@context":"https:\/\/schema.org","@graph":[{"@type":"Article","@id":"https:\/\/www.hotelcostabrava.com\/es\/descubre-la-costa-brava-visitas-al-parc-dels-estanys-y-visita-la-granja-con-los-ninos\/#article","isPartOf":{"@id":"https:\/\/www.hotelcostabrava.com\/es\/descubre-la-costa-brava-visitas-al-parc-dels-estanys-y-visita-la-granja-con-los-ninos\/"},"author":{"name":"Comunicaci\u00f3 Integral Neorg","@id":"https:\/\/www.hotelcostabrava.com\/es\/#\/schema\/person\/b1ca867022e23628bd7054e89c819231"},"headline":"Descubre la Costa Brava: visitas al Parc Dels Estanys \u00a1y visita la granja con los ni\u00f1os!","datePublished":"2026-08-21T06:58:32+00:00","dateModified":"2026-08-31T08:57:09+00:00","mainEntityOfPage":{"@id":"https:\/\/www.hotelcostabrava.com\/es\/descubre-la-costa-brava-visitas-al-parc-dels-estanys-y-visita-la-granja-con-los-ninos\/"},"wordCount":360,"publisher":{"@id":"https:\/\/www.hotelcostabrava.com\/es\/#organization"},"image":{"@id":"https:\/\/www.hotelcostabrava.com\/es\/descubre-la-costa-brava-visitas-al-parc-dels-estanys-y-visita-la-granja-con-los-ninos\/#primaryimage"},"thumbnailUrl":"https:\/\/www.hotelcostabrava.com\/wp-content\/uploads\/2026\/08\/parc-estanys.webp","articleSection":["Aromar Hotels"],"inLanguage":"es"},{"@type":"WebPage","@id":"https:\/\/www.hotelcostabrava.com\/es\/descubre-la-costa-brava-visitas-al-parc-dels-estanys-y-visita-la-granja-con-los-ninos\/","url":"https:\/\/www.hotelcostabrava.com\/es\/descubre-la-costa-brava-visitas-al-parc-dels-estanys-y-visita-la-granja-con-los-ninos\/","name":"Descubre la Costa Brava: visitas al Parc Dels Estanys \u00a1y visita la granja con los ni\u00f1os! | Hotel Costa Brava","isPartOf":{"@id":"https:\/\/www.hotelcostabrava.com\/es\/#website"},"primaryImageOfPage":{"@id":"https:\/\/www.hotelcostabrava.com\/es\/descubre-la-costa-brava-visitas-al-parc-dels-estanys-y-visita-la-granja-con-los-ninos\/#primaryimage"},"image":{"@id":"https:\/\/www.hotelcostabrava.com\/es\/descubre-la-costa-brava-visitas-al-parc-dels-estanys-y-visita-la-granja-con-los-ninos\/#primaryimage"},"thumbnailUrl":"https:\/\/www.hotelcostabrava.com\/wp-content\/uploads\/2026\/08\/parc-estanys.webp","datePublished":"2026-08-21T06:58:32+00:00","dateModified":"2026-08-31T08:57:09+00:00","breadcrumb":{"@id":"https:\/\/www.hotelcostabrava.com\/es\/descubre-la-costa-brava-visitas-al-parc-dels-estanys-y-visita-la-granja-con-los-ninos\/#breadcrumb"},"inLanguage":"es","potentialAction":[{"@type":"ReadAction","target":["https:\/\/www.hotelcostabrava.com\/es\/descubre-la-costa-brava-visitas-al-parc-dels-estanys-y-visita-la-granja-con-los-ninos\/"]}]},{"@type":"ImageObject","inLanguage":"es","@id":"https:\/\/www.hotelcostabrava.com\/es\/descubre-la-costa-brava-visitas-al-parc-dels-estanys-y-visita-la-granja-con-los-ninos\/#primaryimage","url":"https:\/\/www.hotelcostabrava.com\/wp-content\/uploads\/2026\/08\/parc-estanys.webp","contentUrl":"https:\/\/www.hotelcostabrava.com\/wp-content\/uploads\/2026\/08\/parc-estanys.webp","width":1774,"height":887},{"@type":"BreadcrumbList","@id":"https:\/\/www.hotelcostabrava.com\/es\/descubre-la-costa-brava-visitas-al-parc-dels-estanys-y-visita-la-granja-con-los-ninos\/#breadcrumb","itemListElement":[{"@type":"ListItem","position":1,"name":"Portada","item":"https:\/\/www.hotelcostabrava.com\/es\/"},{"@type":"ListItem","position":2,"name":"Descubre la Costa Brava: visitas al Parc Dels Estanys \u00a1y visita la granja con los ni\u00f1os!"}]},{"@type":"WebSite","@id":"https:\/\/www.hotelcostabrava.com\/es\/#website","url":"https:\/\/www.hotelcostabrava.com\/es\/","name":"Aromar Hotels & Restaurants","description":"Hotel a primera l\u00ednia de mar a Platja d&#039;Aro, Costa Brava","publisher":{"@id":"https:\/\/www.hotelcostabrava.com\/es\/#organization"},"alternateName":"Aromar Hotels & Restaurants","potentialAction":[{"@type":"SearchAction","target":{"@type":"EntryPoint","urlTemplate":"https:\/\/www.hotelcostabrava.com\/es\/?s={search_term_string}"},"query-input":{"@type":"PropertyValueSpecification","valueRequired":true,"valueName":"search_term_string"}}],"inLanguage":"es"},{"@type":"Organization","@id":"https:\/\/www.hotelcostabrava.com\/es\/#organization","name":"Aromar Hotels","alternateName":"Aromar Hotels","url":"https:\/\/www.hotelcostabrava.com\/es\/","logo":{"@type":"ImageObject","inLanguage":"es","@id":"https:\/\/www.hotelcostabrava.com\/es\/#\/schema\/logo\/image\/","url":"https:\/\/www.hotelcostabrava.com\/wp-content\/uploads\/2024\/04\/Aromar-2.jpg","contentUrl":"https:\/\/www.hotelcostabrava.com\/wp-content\/uploads\/2024\/04\/Aromar-2.jpg","width":696,"height":696,"caption":"Aromar Hotels"},"image":{"@id":"https:\/\/www.hotelcostabrava.com\/es\/#\/schema\/logo\/image\/"}},{"@type":"Person","@id":"https:\/\/www.hotelcostabrava.com\/es\/#\/schema\/person\/b1ca867022e23628bd7054e89c819231","name":"Comunicaci\u00f3 Integral Neorg","image":{"@type":"ImageObject","inLanguage":"es","@id":"https:\/\/secure.gravatar.com\/avatar\/709d3d8015183afa7401c02e2291a538cbfd4ffe62f4d86ce5f4871f22e86b09?s=96&d=mm&r=g","url":"https:\/\/secure.gravatar.com\/avatar\/709d3d8015183afa7401c02e2291a538cbfd4ffe62f4d86ce5f4871f22e86b09?s=96&d=mm&r=g","contentUrl":"https:\/\/secure.gravatar.com\/avatar\/709d3d8015183afa7401c02e2291a538cbfd4ffe62f4d86ce5f4871f22e86b09?s=96&d=mm&r=g","caption":"Comunicaci\u00f3 Integral Neorg"},"sameAs":["https:\/\/www.hotelcostabrava.com"]}]}},"_links":{"self":[{"href":"https:\/\/www.hotelcostabrava.com\/es\/wp-json\/wp\/v2\/posts\/12022","targetHints":{"allow":["GET"]}}],"collection":[{"href":"https:\/\/www.hotelcostabrava.com\/es\/wp-json\/wp\/v2\/posts"}],"about":[{"href":"https:\/\/www.hotelcostabrava.com\/es\/wp-json\/wp\/v2\/types\/post"}],"author":[{"embeddable":true,"href":"https:\/\/www.hotelcostabrava.com\/es\/wp-json\/wp\/v2\/users\/1"}],"replies":[{"embeddable":true,"href":"https:\/\/www.hotelcostabrava.com\/es\/wp-json\/wp\/v2\/comments?post=12022"}],"version-history":[{"count":3,"href":"https:\/\/www.hotelcostabrava.com\/es\/wp-json\/wp\/v2\/posts\/12022\/revisions"}],"predecessor-version":[{"id":12026,"href":"https:\/\/www.hotelcostabrava.com\/es\/wp-json\/wp\/v2\/posts\/12022\/revisions\/12026"}],"wp:featuredmedia":[{"embeddable":true,"href":"https:\/\/www.hotelcostabrava.com\/es\/wp-json\/wp\/v2\/media\/12021"}],"wp:attachment":[{"href":"https:\/\/www.hotelcostabrava.com\/es\/wp-json\/wp\/v2\/media?parent=12022"}],"wp:term":[{"taxonomy":"category","embeddable":true,"href":"https:\/\/www.hotelcostabrava.com\/es\/wp-json\/wp\/v2\/categories?post=12022"},{"taxonomy":"post_tag","embeddable":true,"href":"https:\/\/www.hotelcostabrava.com\/es\/wp-json\/wp\/v2\/tags?post=12022"}],"curies":[{"name":"wp","href":"https:\/\/api.w.org\/{rel}","templated":true}]}}