{"id":11980,"date":"2026-08-21T08:47:11","date_gmt":"2026-08-21T06:47:11","guid":{"rendered":"https:\/\/www.hotelcostabrava.com\/?p=11980"},"modified":"2026-08-31T10:28:53","modified_gmt":"2026-08-31T08:28:53","slug":"descubre-la-costa-brava-visita-el-camino-de-ronda-sagaro","status":"publish","type":"post","link":"https:\/\/www.hotelcostabrava.com\/es\/descubre-la-costa-brava-visita-el-camino-de-ronda-sagaro\/","title":{"rendered":"Descubre la Costa Brava: visita el Camino de Ronda, S&#8217;Agar\u00f3"},"content":{"rendered":"<p>La Oficina de Turismo de Castell-Platja d&#8217;Aro ofrece visitas a los distintos puntos de la ciudad para aprovechar en familia. Despu\u00e9s de un d\u00eda de playa \u00a1conozca la zona y su historia!<\/p>\n<p><strong>VISITAS AL CAMINO DE RONDA, S&#8217;AGAR\u00d3<\/strong><\/p>\n<h2><strong>Camino de Ronda, S&#8217;Agar\u00f3<\/strong><\/h2>\n<p>Los caminos de Ronda rodean y comunican las playas, calas y a la poblaci\u00f3n. Surgen en el siglo XIX, utilizado para proteger a los ciudadanos y utilizado por la Guardia Civil para evitar el mercado ilegal mar\u00edtimo.<\/p>\n<p>Hoy, se ha reformado para ser un paseo mar\u00edtimo de 4 kil\u00f3metros de longitud apto para toda la familia. Desde all\u00ed, se pueden disfrutar los azules del Mar Mediterr\u00e1neo y la vegetaci\u00f3n con vistas incre\u00edbles en un paseo para recordar.<\/p>\n<p><strong>VISITAS GUIADAS AL CAMINO DE RONDA<\/strong><br \/>\n<em>Todas las visitas son a las 19 horas<\/em><\/p>\n<p><strong>Catal\u00e0-English<\/strong><\/p>\n<p>29 de junio<\/p>\n<p>13 y 27 de julio<\/p>\n<p>17 y 31 de agosto<\/p>\n<p><strong>Espa\u00f1ol-Fran\u00e7ais<\/strong><\/p>\n<p>6 y 20 de julio<\/p>\n<p>10 y 24 de agosto<\/p>\n<p>7 de septiembre<\/p>\n<h2><strong>Camino de Ronda y Villa Romana de Pla de Palol<\/strong><\/h2>\n<p>La Villa Romana de Pla de Palol data del siglo I a.C. y es una de las colonias romanas m\u00e1s importantes. En 1959 empezaron las excavaciones y no fue hasta 1998 que se mostraron al p\u00fablico.<\/p>\n<p>Se destacan las termas, las formas de producci\u00f3n romanas, los lugares de almacenamiento y las grandes terrazas. Descubre en la visita guiada la historia y los secretos del patrimonio hist\u00f3rico de Platja d&#8217;Aro.<\/p>\n<p><em>Todas las visitas son a las 19 horas<\/em><\/p>\n<p><strong>Catal\u00e0-English<\/strong><\/p>\n<p>21 de julio<\/p>\n<p>25 de agosto<\/p>\n<p><strong>Espa\u00f1ol-Fran\u00e7ais<\/strong><\/p>\n<p>7 de julio<\/p>\n<p>11 de agosto<\/p>\n<p><strong>UN PASEO DE PEL\u00cdCULA<\/strong><br \/>\nCamino de Ronda de S&#8217;Agar\u00f3<\/p>\n<p>\u00a1Disfruta de la historia cinematogr\u00e1fica de la zona! Un director de cine convertir\u00e1 el Camino de Ronda de S&#8217;Agar\u00f3 en su plat\u00f3, donde personajes nos har\u00e1n revivir, en un espect\u00e1culo participativo, la \u00e9poca cinematogr\u00e1fica de Castell-Platja d&#8217;Aro.<\/p>\n<p><em>Todas las funciones son a las 19 horas<\/em><\/p>\n<p><strong>Catal\u00e0<\/strong><\/p>\n<p>8 y 22 de julio<\/p>\n<p>5 y 26 de agosto<\/p>\n<p><em><strong>Precio:<\/strong><\/em> \u20ac2,50\/persona por actividad<\/p>\n<p>Las plazas son limitadas.<\/p>\n<p>Reservar en la <a href=\"http:\/\/entrades.platjadaro.com\/\"><strong>web<\/strong><\/a> y en la Oficina de Turismo.<\/p>\n","protected":false},"excerpt":{"rendered":"<p>La Oficina de Turismo de Castell-Platja d&#8217;Aro ofrece visitas a los distintos puntos de la ciudad para aprovechar en familia. Despu\u00e9s de un d\u00eda de playa \u00a1conozca la zona y su historia! VISITAS AL CAMINO DE RONDA, S&#8217;AGAR\u00d3 Camino de Ronda, S&#8217;Agar\u00f3 Los caminos de Ronda rodean y comunican las playas, calas y a la&hellip;&nbsp;<\/p>\n","protected":false},"author":1,"featured_media":11979,"comment_status":"closed","ping_status":"closed","sticky":false,"template":"","format":"standard","meta":{"_acf_changed":false,"neve_meta_sidebar":"","neve_meta_container":"","neve_meta_enable_content_width":"off","neve_meta_content_width":100,"neve_meta_title_alignment":"","neve_meta_author_avatar":"","neve_post_elements_order":"","neve_meta_disable_header":"","neve_meta_disable_footer":"","neve_meta_disable_title":"","neve_meta_reading_time":"","footnotes":""},"categories":[25],"tags":[],"class_list":["post-11980","post","type-post","status-publish","format-standard","has-post-thumbnail","hentry","category-sin-categorizar"],"acf":[],"yoast_head":"<!-- This site is optimized with the Yoast SEO plugin v28.4 - https:\/\/yoast.com\/product\/yoast-seo-wordpress\/ -->\n<title>Descubre la Costa Brava: visita el Camino de Ronda, S&#039;Agar\u00f3 | Hotel Costa Brava<\/title>\n<meta name=\"robots\" content=\"index, follow, max-snippet:-1, max-image-preview:large, max-video-preview:-1\" \/>\n<link rel=\"canonical\" href=\"https:\/\/www.hotelcostabrava.com\/es\/descubre-la-costa-brava-visita-el-camino-de-ronda-sagaro\/\" \/>\n<meta property=\"og:locale\" content=\"es_ES\" \/>\n<meta property=\"og:type\" content=\"article\" \/>\n<meta property=\"og:title\" content=\"Descubre la Costa Brava: visita el Camino de Ronda, S&#039;Agar\u00f3 | Hotel Costa Brava\" \/>\n<meta property=\"og:description\" content=\"La Oficina de Turismo de Castell-Platja d&#8217;Aro ofrece visitas a los distintos puntos de la ciudad para aprovechar en familia. Despu\u00e9s de un d\u00eda de playa \u00a1conozca la zona y su historia! VISITAS AL CAMINO DE RONDA, S&#8217;AGAR\u00d3 Camino de Ronda, S&#8217;Agar\u00f3 Los caminos de Ronda rodean y comunican las playas, calas y a la&hellip;&nbsp;\" \/>\n<meta property=\"og:url\" content=\"https:\/\/www.hotelcostabrava.com\/es\/descubre-la-costa-brava-visita-el-camino-de-ronda-sagaro\/\" \/>\n<meta property=\"og:site_name\" content=\"Hotel Costa Brava\" \/>\n<meta property=\"article:published_time\" content=\"2026-08-21T06:47:11+00:00\" \/>\n<meta property=\"article:modified_time\" content=\"2026-08-31T08:28:53+00:00\" \/>\n<meta property=\"og:image\" content=\"https:\/\/www.hotelcostabrava.com\/wp-content\/uploads\/2026\/08\/costa-brava-sagaro.webp\" \/>\n\t<meta property=\"og:image:width\" content=\"1774\" \/>\n\t<meta property=\"og:image:height\" content=\"887\" \/>\n\t<meta property=\"og:image:type\" content=\"image\/webp\" \/>\n<meta name=\"author\" content=\"Comunicaci\u00f3 Integral Neorg\" \/>\n<meta name=\"twitter:card\" content=\"summary_large_image\" \/>\n<meta name=\"twitter:label1\" content=\"Escrito por\" \/>\n\t<meta name=\"twitter:data1\" content=\"Comunicaci\u00f3 Integral Neorg\" \/>\n\t<meta name=\"twitter:label2\" content=\"Tiempo de lectura\" \/>\n\t<meta name=\"twitter:data2\" content=\"3 minutos\" \/>\n<script type=\"application\/ld+json\" class=\"yoast-schema-graph\">{\"@context\":\"https:\\\/\\\/schema.org\",\"@graph\":[{\"@type\":\"Article\",\"@id\":\"https:\\\/\\\/www.hotelcostabrava.com\\\/es\\\/descubre-la-costa-brava-visita-el-camino-de-ronda-sagaro\\\/#article\",\"isPartOf\":{\"@id\":\"https:\\\/\\\/www.hotelcostabrava.com\\\/es\\\/descubre-la-costa-brava-visita-el-camino-de-ronda-sagaro\\\/\"},\"author\":{\"name\":\"Comunicaci\u00f3 Integral Neorg\",\"@id\":\"https:\\\/\\\/www.hotelcostabrava.com\\\/es\\\/#\\\/schema\\\/person\\\/b1ca867022e23628bd7054e89c819231\"},\"headline\":\"Descubre la Costa Brava: visita el Camino de Ronda, S&#8217;Agar\u00f3\",\"datePublished\":\"2026-08-21T06:47:11+00:00\",\"dateModified\":\"2026-08-31T08:28:53+00:00\",\"mainEntityOfPage\":{\"@id\":\"https:\\\/\\\/www.hotelcostabrava.com\\\/es\\\/descubre-la-costa-brava-visita-el-camino-de-ronda-sagaro\\\/\"},\"wordCount\":364,\"publisher\":{\"@id\":\"https:\\\/\\\/www.hotelcostabrava.com\\\/es\\\/#organization\"},\"image\":{\"@id\":\"https:\\\/\\\/www.hotelcostabrava.com\\\/es\\\/descubre-la-costa-brava-visita-el-camino-de-ronda-sagaro\\\/#primaryimage\"},\"thumbnailUrl\":\"https:\\\/\\\/www.hotelcostabrava.com\\\/wp-content\\\/uploads\\\/2026\\\/08\\\/costa-brava-sagaro.webp\",\"articleSection\":[\"Aromar Hotels\"],\"inLanguage\":\"es\"},{\"@type\":\"WebPage\",\"@id\":\"https:\\\/\\\/www.hotelcostabrava.com\\\/es\\\/descubre-la-costa-brava-visita-el-camino-de-ronda-sagaro\\\/\",\"url\":\"https:\\\/\\\/www.hotelcostabrava.com\\\/es\\\/descubre-la-costa-brava-visita-el-camino-de-ronda-sagaro\\\/\",\"name\":\"Descubre la Costa Brava: visita el Camino de Ronda, S'Agar\u00f3 | Hotel Costa Brava\",\"isPartOf\":{\"@id\":\"https:\\\/\\\/www.hotelcostabrava.com\\\/es\\\/#website\"},\"primaryImageOfPage\":{\"@id\":\"https:\\\/\\\/www.hotelcostabrava.com\\\/es\\\/descubre-la-costa-brava-visita-el-camino-de-ronda-sagaro\\\/#primaryimage\"},\"image\":{\"@id\":\"https:\\\/\\\/www.hotelcostabrava.com\\\/es\\\/descubre-la-costa-brava-visita-el-camino-de-ronda-sagaro\\\/#primaryimage\"},\"thumbnailUrl\":\"https:\\\/\\\/www.hotelcostabrava.com\\\/wp-content\\\/uploads\\\/2026\\\/08\\\/costa-brava-sagaro.webp\",\"datePublished\":\"2026-08-21T06:47:11+00:00\",\"dateModified\":\"2026-08-31T08:28:53+00:00\",\"breadcrumb\":{\"@id\":\"https:\\\/\\\/www.hotelcostabrava.com\\\/es\\\/descubre-la-costa-brava-visita-el-camino-de-ronda-sagaro\\\/#breadcrumb\"},\"inLanguage\":\"es\",\"potentialAction\":[{\"@type\":\"ReadAction\",\"target\":[\"https:\\\/\\\/www.hotelcostabrava.com\\\/es\\\/descubre-la-costa-brava-visita-el-camino-de-ronda-sagaro\\\/\"]}]},{\"@type\":\"ImageObject\",\"inLanguage\":\"es\",\"@id\":\"https:\\\/\\\/www.hotelcostabrava.com\\\/es\\\/descubre-la-costa-brava-visita-el-camino-de-ronda-sagaro\\\/#primaryimage\",\"url\":\"https:\\\/\\\/www.hotelcostabrava.com\\\/wp-content\\\/uploads\\\/2026\\\/08\\\/costa-brava-sagaro.webp\",\"contentUrl\":\"https:\\\/\\\/www.hotelcostabrava.com\\\/wp-content\\\/uploads\\\/2026\\\/08\\\/costa-brava-sagaro.webp\",\"width\":1774,\"height\":887},{\"@type\":\"BreadcrumbList\",\"@id\":\"https:\\\/\\\/www.hotelcostabrava.com\\\/es\\\/descubre-la-costa-brava-visita-el-camino-de-ronda-sagaro\\\/#breadcrumb\",\"itemListElement\":[{\"@type\":\"ListItem\",\"position\":1,\"name\":\"Portada\",\"item\":\"https:\\\/\\\/www.hotelcostabrava.com\\\/es\\\/\"},{\"@type\":\"ListItem\",\"position\":2,\"name\":\"Descubre la Costa Brava: visita el Camino de Ronda, S&#8217;Agar\u00f3\"}]},{\"@type\":\"WebSite\",\"@id\":\"https:\\\/\\\/www.hotelcostabrava.com\\\/es\\\/#website\",\"url\":\"https:\\\/\\\/www.hotelcostabrava.com\\\/es\\\/\",\"name\":\"Aromar Hotels & Restaurants\",\"description\":\"Hotel a primera l\u00ednia de mar a Platja d&#039;Aro, Costa Brava\",\"publisher\":{\"@id\":\"https:\\\/\\\/www.hotelcostabrava.com\\\/es\\\/#organization\"},\"alternateName\":\"Aromar Hotels & Restaurants\",\"potentialAction\":[{\"@type\":\"SearchAction\",\"target\":{\"@type\":\"EntryPoint\",\"urlTemplate\":\"https:\\\/\\\/www.hotelcostabrava.com\\\/es\\\/?s={search_term_string}\"},\"query-input\":{\"@type\":\"PropertyValueSpecification\",\"valueRequired\":true,\"valueName\":\"search_term_string\"}}],\"inLanguage\":\"es\"},{\"@type\":\"Organization\",\"@id\":\"https:\\\/\\\/www.hotelcostabrava.com\\\/es\\\/#organization\",\"name\":\"Aromar Hotels\",\"alternateName\":\"Aromar Hotels\",\"url\":\"https:\\\/\\\/www.hotelcostabrava.com\\\/es\\\/\",\"logo\":{\"@type\":\"ImageObject\",\"inLanguage\":\"es\",\"@id\":\"https:\\\/\\\/www.hotelcostabrava.com\\\/es\\\/#\\\/schema\\\/logo\\\/image\\\/\",\"url\":\"https:\\\/\\\/www.hotelcostabrava.com\\\/wp-content\\\/uploads\\\/2024\\\/04\\\/Aromar-2.jpg\",\"contentUrl\":\"https:\\\/\\\/www.hotelcostabrava.com\\\/wp-content\\\/uploads\\\/2024\\\/04\\\/Aromar-2.jpg\",\"width\":696,\"height\":696,\"caption\":\"Aromar Hotels\"},\"image\":{\"@id\":\"https:\\\/\\\/www.hotelcostabrava.com\\\/es\\\/#\\\/schema\\\/logo\\\/image\\\/\"}},{\"@type\":\"Person\",\"@id\":\"https:\\\/\\\/www.hotelcostabrava.com\\\/es\\\/#\\\/schema\\\/person\\\/b1ca867022e23628bd7054e89c819231\",\"name\":\"Comunicaci\u00f3 Integral Neorg\",\"image\":{\"@type\":\"ImageObject\",\"inLanguage\":\"es\",\"@id\":\"https:\\\/\\\/secure.gravatar.com\\\/avatar\\\/709d3d8015183afa7401c02e2291a538cbfd4ffe62f4d86ce5f4871f22e86b09?s=96&d=mm&r=g\",\"url\":\"https:\\\/\\\/secure.gravatar.com\\\/avatar\\\/709d3d8015183afa7401c02e2291a538cbfd4ffe62f4d86ce5f4871f22e86b09?s=96&d=mm&r=g\",\"contentUrl\":\"https:\\\/\\\/secure.gravatar.com\\\/avatar\\\/709d3d8015183afa7401c02e2291a538cbfd4ffe62f4d86ce5f4871f22e86b09?s=96&d=mm&r=g\",\"caption\":\"Comunicaci\u00f3 Integral Neorg\"},\"sameAs\":[\"https:\\\/\\\/www.hotelcostabrava.com\"]}]}<\/script>\n<!-- \/ Yoast SEO plugin. -->","yoast_head_json":{"title":"Descubre la Costa Brava: visita el Camino de Ronda, S'Agar\u00f3 | Hotel Costa Brava","robots":{"index":"index","follow":"follow","max-snippet":"max-snippet:-1","max-image-preview":"max-image-preview:large","max-video-preview":"max-video-preview:-1"},"canonical":"https:\/\/www.hotelcostabrava.com\/es\/descubre-la-costa-brava-visita-el-camino-de-ronda-sagaro\/","og_locale":"es_ES","og_type":"article","og_title":"Descubre la Costa Brava: visita el Camino de Ronda, S'Agar\u00f3 | Hotel Costa Brava","og_description":"La Oficina de Turismo de Castell-Platja d&#8217;Aro ofrece visitas a los distintos puntos de la ciudad para aprovechar en familia. Despu\u00e9s de un d\u00eda de playa \u00a1conozca la zona y su historia! VISITAS AL CAMINO DE RONDA, S&#8217;AGAR\u00d3 Camino de Ronda, S&#8217;Agar\u00f3 Los caminos de Ronda rodean y comunican las playas, calas y a la&hellip;&nbsp;","og_url":"https:\/\/www.hotelcostabrava.com\/es\/descubre-la-costa-brava-visita-el-camino-de-ronda-sagaro\/","og_site_name":"Hotel Costa Brava","article_published_time":"2026-08-21T06:47:11+00:00","article_modified_time":"2026-08-31T08:28:53+00:00","og_image":[{"width":1774,"height":887,"url":"https:\/\/www.hotelcostabrava.com\/wp-content\/uploads\/2026\/08\/costa-brava-sagaro.webp","type":"image\/webp"}],"author":"Comunicaci\u00f3 Integral Neorg","twitter_card":"summary_large_image","twitter_misc":{"Escrito por":"Comunicaci\u00f3 Integral Neorg","Tiempo de lectura":"3 minutos"},"schema":{"@context":"https:\/\/schema.org","@graph":[{"@type":"Article","@id":"https:\/\/www.hotelcostabrava.com\/es\/descubre-la-costa-brava-visita-el-camino-de-ronda-sagaro\/#article","isPartOf":{"@id":"https:\/\/www.hotelcostabrava.com\/es\/descubre-la-costa-brava-visita-el-camino-de-ronda-sagaro\/"},"author":{"name":"Comunicaci\u00f3 Integral Neorg","@id":"https:\/\/www.hotelcostabrava.com\/es\/#\/schema\/person\/b1ca867022e23628bd7054e89c819231"},"headline":"Descubre la Costa Brava: visita el Camino de Ronda, S&#8217;Agar\u00f3","datePublished":"2026-08-21T06:47:11+00:00","dateModified":"2026-08-31T08:28:53+00:00","mainEntityOfPage":{"@id":"https:\/\/www.hotelcostabrava.com\/es\/descubre-la-costa-brava-visita-el-camino-de-ronda-sagaro\/"},"wordCount":364,"publisher":{"@id":"https:\/\/www.hotelcostabrava.com\/es\/#organization"},"image":{"@id":"https:\/\/www.hotelcostabrava.com\/es\/descubre-la-costa-brava-visita-el-camino-de-ronda-sagaro\/#primaryimage"},"thumbnailUrl":"https:\/\/www.hotelcostabrava.com\/wp-content\/uploads\/2026\/08\/costa-brava-sagaro.webp","articleSection":["Aromar Hotels"],"inLanguage":"es"},{"@type":"WebPage","@id":"https:\/\/www.hotelcostabrava.com\/es\/descubre-la-costa-brava-visita-el-camino-de-ronda-sagaro\/","url":"https:\/\/www.hotelcostabrava.com\/es\/descubre-la-costa-brava-visita-el-camino-de-ronda-sagaro\/","name":"Descubre la Costa Brava: visita el Camino de Ronda, S'Agar\u00f3 | Hotel Costa Brava","isPartOf":{"@id":"https:\/\/www.hotelcostabrava.com\/es\/#website"},"primaryImageOfPage":{"@id":"https:\/\/www.hotelcostabrava.com\/es\/descubre-la-costa-brava-visita-el-camino-de-ronda-sagaro\/#primaryimage"},"image":{"@id":"https:\/\/www.hotelcostabrava.com\/es\/descubre-la-costa-brava-visita-el-camino-de-ronda-sagaro\/#primaryimage"},"thumbnailUrl":"https:\/\/www.hotelcostabrava.com\/wp-content\/uploads\/2026\/08\/costa-brava-sagaro.webp","datePublished":"2026-08-21T06:47:11+00:00","dateModified":"2026-08-31T08:28:53+00:00","breadcrumb":{"@id":"https:\/\/www.hotelcostabrava.com\/es\/descubre-la-costa-brava-visita-el-camino-de-ronda-sagaro\/#breadcrumb"},"inLanguage":"es","potentialAction":[{"@type":"ReadAction","target":["https:\/\/www.hotelcostabrava.com\/es\/descubre-la-costa-brava-visita-el-camino-de-ronda-sagaro\/"]}]},{"@type":"ImageObject","inLanguage":"es","@id":"https:\/\/www.hotelcostabrava.com\/es\/descubre-la-costa-brava-visita-el-camino-de-ronda-sagaro\/#primaryimage","url":"https:\/\/www.hotelcostabrava.com\/wp-content\/uploads\/2026\/08\/costa-brava-sagaro.webp","contentUrl":"https:\/\/www.hotelcostabrava.com\/wp-content\/uploads\/2026\/08\/costa-brava-sagaro.webp","width":1774,"height":887},{"@type":"BreadcrumbList","@id":"https:\/\/www.hotelcostabrava.com\/es\/descubre-la-costa-brava-visita-el-camino-de-ronda-sagaro\/#breadcrumb","itemListElement":[{"@type":"ListItem","position":1,"name":"Portada","item":"https:\/\/www.hotelcostabrava.com\/es\/"},{"@type":"ListItem","position":2,"name":"Descubre la Costa Brava: visita el Camino de Ronda, S&#8217;Agar\u00f3"}]},{"@type":"WebSite","@id":"https:\/\/www.hotelcostabrava.com\/es\/#website","url":"https:\/\/www.hotelcostabrava.com\/es\/","name":"Aromar Hotels & Restaurants","description":"Hotel a primera l\u00ednia de mar a Platja d&#039;Aro, Costa Brava","publisher":{"@id":"https:\/\/www.hotelcostabrava.com\/es\/#organization"},"alternateName":"Aromar Hotels & Restaurants","potentialAction":[{"@type":"SearchAction","target":{"@type":"EntryPoint","urlTemplate":"https:\/\/www.hotelcostabrava.com\/es\/?s={search_term_string}"},"query-input":{"@type":"PropertyValueSpecification","valueRequired":true,"valueName":"search_term_string"}}],"inLanguage":"es"},{"@type":"Organization","@id":"https:\/\/www.hotelcostabrava.com\/es\/#organization","name":"Aromar Hotels","alternateName":"Aromar Hotels","url":"https:\/\/www.hotelcostabrava.com\/es\/","logo":{"@type":"ImageObject","inLanguage":"es","@id":"https:\/\/www.hotelcostabrava.com\/es\/#\/schema\/logo\/image\/","url":"https:\/\/www.hotelcostabrava.com\/wp-content\/uploads\/2024\/04\/Aromar-2.jpg","contentUrl":"https:\/\/www.hotelcostabrava.com\/wp-content\/uploads\/2024\/04\/Aromar-2.jpg","width":696,"height":696,"caption":"Aromar Hotels"},"image":{"@id":"https:\/\/www.hotelcostabrava.com\/es\/#\/schema\/logo\/image\/"}},{"@type":"Person","@id":"https:\/\/www.hotelcostabrava.com\/es\/#\/schema\/person\/b1ca867022e23628bd7054e89c819231","name":"Comunicaci\u00f3 Integral Neorg","image":{"@type":"ImageObject","inLanguage":"es","@id":"https:\/\/secure.gravatar.com\/avatar\/709d3d8015183afa7401c02e2291a538cbfd4ffe62f4d86ce5f4871f22e86b09?s=96&d=mm&r=g","url":"https:\/\/secure.gravatar.com\/avatar\/709d3d8015183afa7401c02e2291a538cbfd4ffe62f4d86ce5f4871f22e86b09?s=96&d=mm&r=g","contentUrl":"https:\/\/secure.gravatar.com\/avatar\/709d3d8015183afa7401c02e2291a538cbfd4ffe62f4d86ce5f4871f22e86b09?s=96&d=mm&r=g","caption":"Comunicaci\u00f3 Integral Neorg"},"sameAs":["https:\/\/www.hotelcostabrava.com"]}]}},"_links":{"self":[{"href":"https:\/\/www.hotelcostabrava.com\/es\/wp-json\/wp\/v2\/posts\/11980","targetHints":{"allow":["GET"]}}],"collection":[{"href":"https:\/\/www.hotelcostabrava.com\/es\/wp-json\/wp\/v2\/posts"}],"about":[{"href":"https:\/\/www.hotelcostabrava.com\/es\/wp-json\/wp\/v2\/types\/post"}],"author":[{"embeddable":true,"href":"https:\/\/www.hotelcostabrava.com\/es\/wp-json\/wp\/v2\/users\/1"}],"replies":[{"embeddable":true,"href":"https:\/\/www.hotelcostabrava.com\/es\/wp-json\/wp\/v2\/comments?post=11980"}],"version-history":[{"count":2,"href":"https:\/\/www.hotelcostabrava.com\/es\/wp-json\/wp\/v2\/posts\/11980\/revisions"}],"predecessor-version":[{"id":11983,"href":"https:\/\/www.hotelcostabrava.com\/es\/wp-json\/wp\/v2\/posts\/11980\/revisions\/11983"}],"wp:featuredmedia":[{"embeddable":true,"href":"https:\/\/www.hotelcostabrava.com\/es\/wp-json\/wp\/v2\/media\/11979"}],"wp:attachment":[{"href":"https:\/\/www.hotelcostabrava.com\/es\/wp-json\/wp\/v2\/media?parent=11980"}],"wp:term":[{"taxonomy":"category","embeddable":true,"href":"https:\/\/www.hotelcostabrava.com\/es\/wp-json\/wp\/v2\/categories?post=11980"},{"taxonomy":"post_tag","embeddable":true,"href":"https:\/\/www.hotelcostabrava.com\/es\/wp-json\/wp\/v2\/tags?post=11980"}],"curies":[{"name":"wp","href":"https:\/\/api.w.org\/{rel}","templated":true}]}}