{"id":9775,"date":"2026-07-13T09:31:05","date_gmt":"2026-07-13T07:31:05","guid":{"rendered":"https:\/\/www.hotelcostabrava.com\/12th-edition-of-paired-dinners\/"},"modified":"2026-07-13T09:31:05","modified_gmt":"2026-07-13T07:31:05","slug":"12th-edition-of-paired-dinners","status":"publish","type":"post","link":"https:\/\/www.hotelcostabrava.com\/en\/12th-edition-of-paired-dinners\/","title":{"rendered":"12th edition of &#8220;Paired Dinners&#8221;"},"content":{"rendered":"<p><strong>On 11 October at the Arad\u00ed Restaurant with Celler Maset Plana. Empord\u00e0 cuisine and wines.<\/strong><\/p>\n<p>As it has for 12 years, chefs from the Cuina de l&#8217;Empordanet and wineries with the Empord\u00e0 Denomination of Origin come together to create a unique gastronomic experience.<\/p>\n<p>In this edition, the Arad\u00ed Restaurant and Celler Maset Plana combine to offer a high-quality proposal designed to be enjoyed with all the senses.<\/p>\n","protected":false},"excerpt":{"rendered":"<p>On 11 October at the Arad\u00ed Restaurant with Celler Maset Plana. Empord\u00e0 cuisine and wines. As it has for 12 years, chefs from the Cuina de l&#8217;Empordanet and wineries with the Empord\u00e0 Denomination of Origin come together to create a unique gastronomic experience. In this edition, the Arad\u00ed Restaurant and Celler Maset Plana combine to&hellip;&nbsp;<\/p>\n","protected":false},"author":1,"featured_media":8238,"comment_status":"closed","ping_status":"closed","sticky":false,"template":"","format":"standard","meta":{"_acf_changed":false,"neve_meta_sidebar":"","neve_meta_container":"","neve_meta_enable_content_width":"off","neve_meta_content_width":70,"neve_meta_title_alignment":"","neve_meta_author_avatar":"","neve_post_elements_order":"","neve_meta_disable_header":"","neve_meta_disable_footer":"","neve_meta_disable_title":"","neve_meta_reading_time":"","footnotes":""},"categories":[1],"tags":[],"class_list":["post-9775","post","type-post","status-publish","format-standard","has-post-thumbnail","hentry","category-uncategorized-ca"],"acf":[],"yoast_head":"<!-- This site is optimized with the Yoast SEO plugin v28.4 - https:\/\/yoast.com\/product\/yoast-seo-wordpress\/ -->\n<title>12th edition of &quot;Paired Dinners&quot; | Hotel Costa Brava<\/title>\n<meta name=\"robots\" content=\"index, follow, max-snippet:-1, max-image-preview:large, max-video-preview:-1\" \/>\n<link rel=\"canonical\" href=\"https:\/\/www.hotelcostabrava.com\/en\/12th-edition-of-paired-dinners\/\" \/>\n<meta property=\"og:locale\" content=\"en_US\" \/>\n<meta property=\"og:type\" content=\"article\" \/>\n<meta property=\"og:title\" content=\"12th edition of &quot;Paired Dinners&quot; | Hotel Costa Brava\" \/>\n<meta property=\"og:description\" content=\"On 11 October at the Arad\u00ed Restaurant with Celler Maset Plana. Empord\u00e0 cuisine and wines. As it has for 12 years, chefs from the Cuina de l&#8217;Empordanet and wineries with the Empord\u00e0 Denomination of Origin come together to create a unique gastronomic experience. In this edition, the Arad\u00ed Restaurant and Celler Maset Plana combine to&hellip;&nbsp;\" \/>\n<meta property=\"og:url\" content=\"https:\/\/www.hotelcostabrava.com\/en\/12th-edition-of-paired-dinners\/\" \/>\n<meta property=\"og:site_name\" content=\"Hotel Costa Brava\" \/>\n<meta property=\"article:published_time\" content=\"2026-07-13T07:31:05+00:00\" \/>\n<meta property=\"og:image\" content=\"https:\/\/www.hotelcostabrava.com\/wp-content\/uploads\/2026\/07\/CF9B8092.webp\" \/>\n\t<meta property=\"og:image:width\" content=\"2000\" \/>\n\t<meta property=\"og:image:height\" content=\"1290\" \/>\n\t<meta property=\"og:image:type\" content=\"image\/webp\" \/>\n<meta name=\"author\" content=\"Comunicaci\u00f3 Integral Neorg\" \/>\n<meta name=\"twitter:card\" content=\"summary_large_image\" \/>\n<meta name=\"twitter:label1\" content=\"Written by\" \/>\n\t<meta name=\"twitter:data1\" content=\"Comunicaci\u00f3 Integral Neorg\" \/>\n\t<meta name=\"twitter:label2\" content=\"Est. reading time\" \/>\n\t<meta name=\"twitter:data2\" content=\"1 minute\" \/>\n<script type=\"application\/ld+json\" class=\"yoast-schema-graph\">{\"@context\":\"https:\\\/\\\/schema.org\",\"@graph\":[{\"@type\":\"Article\",\"@id\":\"https:\\\/\\\/www.hotelcostabrava.com\\\/en\\\/12th-edition-of-paired-dinners\\\/#article\",\"isPartOf\":{\"@id\":\"https:\\\/\\\/www.hotelcostabrava.com\\\/en\\\/12th-edition-of-paired-dinners\\\/\"},\"author\":{\"name\":\"Comunicaci\u00f3 Integral Neorg\",\"@id\":\"https:\\\/\\\/www.hotelcostabrava.com\\\/en\\\/#\\\/schema\\\/person\\\/b1ca867022e23628bd7054e89c819231\"},\"headline\":\"12th edition of &#8220;Paired Dinners&#8221;\",\"datePublished\":\"2026-07-13T07:31:05+00:00\",\"mainEntityOfPage\":{\"@id\":\"https:\\\/\\\/www.hotelcostabrava.com\\\/en\\\/12th-edition-of-paired-dinners\\\/\"},\"wordCount\":71,\"publisher\":{\"@id\":\"https:\\\/\\\/www.hotelcostabrava.com\\\/en\\\/#organization\"},\"image\":{\"@id\":\"https:\\\/\\\/www.hotelcostabrava.com\\\/en\\\/12th-edition-of-paired-dinners\\\/#primaryimage\"},\"thumbnailUrl\":\"https:\\\/\\\/www.hotelcostabrava.com\\\/wp-content\\\/uploads\\\/2026\\\/07\\\/CF9B8092.webp\",\"articleSection\":[\"Aromar Hotels\"],\"inLanguage\":\"en-US\"},{\"@type\":\"WebPage\",\"@id\":\"https:\\\/\\\/www.hotelcostabrava.com\\\/en\\\/12th-edition-of-paired-dinners\\\/\",\"url\":\"https:\\\/\\\/www.hotelcostabrava.com\\\/en\\\/12th-edition-of-paired-dinners\\\/\",\"name\":\"12th edition of \\\"Paired Dinners\\\" | Hotel Costa Brava\",\"isPartOf\":{\"@id\":\"https:\\\/\\\/www.hotelcostabrava.com\\\/en\\\/#website\"},\"primaryImageOfPage\":{\"@id\":\"https:\\\/\\\/www.hotelcostabrava.com\\\/en\\\/12th-edition-of-paired-dinners\\\/#primaryimage\"},\"image\":{\"@id\":\"https:\\\/\\\/www.hotelcostabrava.com\\\/en\\\/12th-edition-of-paired-dinners\\\/#primaryimage\"},\"thumbnailUrl\":\"https:\\\/\\\/www.hotelcostabrava.com\\\/wp-content\\\/uploads\\\/2026\\\/07\\\/CF9B8092.webp\",\"datePublished\":\"2026-07-13T07:31:05+00:00\",\"breadcrumb\":{\"@id\":\"https:\\\/\\\/www.hotelcostabrava.com\\\/en\\\/12th-edition-of-paired-dinners\\\/#breadcrumb\"},\"inLanguage\":\"en-US\",\"potentialAction\":[{\"@type\":\"ReadAction\",\"target\":[\"https:\\\/\\\/www.hotelcostabrava.com\\\/en\\\/12th-edition-of-paired-dinners\\\/\"]}]},{\"@type\":\"ImageObject\",\"inLanguage\":\"en-US\",\"@id\":\"https:\\\/\\\/www.hotelcostabrava.com\\\/en\\\/12th-edition-of-paired-dinners\\\/#primaryimage\",\"url\":\"https:\\\/\\\/www.hotelcostabrava.com\\\/wp-content\\\/uploads\\\/2026\\\/07\\\/CF9B8092.webp\",\"contentUrl\":\"https:\\\/\\\/www.hotelcostabrava.com\\\/wp-content\\\/uploads\\\/2026\\\/07\\\/CF9B8092.webp\",\"width\":2000,\"height\":1290},{\"@type\":\"BreadcrumbList\",\"@id\":\"https:\\\/\\\/www.hotelcostabrava.com\\\/en\\\/12th-edition-of-paired-dinners\\\/#breadcrumb\",\"itemListElement\":[{\"@type\":\"ListItem\",\"position\":1,\"name\":\"Portada\",\"item\":\"https:\\\/\\\/www.hotelcostabrava.com\\\/en\\\/\"},{\"@type\":\"ListItem\",\"position\":2,\"name\":\"12th edition of \u00abPaired Dinners\u00bb\"}]},{\"@type\":\"WebSite\",\"@id\":\"https:\\\/\\\/www.hotelcostabrava.com\\\/en\\\/#website\",\"url\":\"https:\\\/\\\/www.hotelcostabrava.com\\\/en\\\/\",\"name\":\"Aromar Hotels & Restaurants\",\"description\":\"Hotel a primera l\u00ednia de mar a Platja d&#039;Aro, Costa Brava\",\"publisher\":{\"@id\":\"https:\\\/\\\/www.hotelcostabrava.com\\\/en\\\/#organization\"},\"alternateName\":\"Aromar Hotels & Restaurants\",\"potentialAction\":[{\"@type\":\"SearchAction\",\"target\":{\"@type\":\"EntryPoint\",\"urlTemplate\":\"https:\\\/\\\/www.hotelcostabrava.com\\\/en\\\/?s={search_term_string}\"},\"query-input\":{\"@type\":\"PropertyValueSpecification\",\"valueRequired\":true,\"valueName\":\"search_term_string\"}}],\"inLanguage\":\"en-US\"},{\"@type\":\"Organization\",\"@id\":\"https:\\\/\\\/www.hotelcostabrava.com\\\/en\\\/#organization\",\"name\":\"Aromar Hotels\",\"alternateName\":\"Aromar Hotels\",\"url\":\"https:\\\/\\\/www.hotelcostabrava.com\\\/en\\\/\",\"logo\":{\"@type\":\"ImageObject\",\"inLanguage\":\"en-US\",\"@id\":\"https:\\\/\\\/www.hotelcostabrava.com\\\/en\\\/#\\\/schema\\\/logo\\\/image\\\/\",\"url\":\"https:\\\/\\\/www.hotelcostabrava.com\\\/wp-content\\\/uploads\\\/2024\\\/04\\\/Aromar-2.jpg\",\"contentUrl\":\"https:\\\/\\\/www.hotelcostabrava.com\\\/wp-content\\\/uploads\\\/2024\\\/04\\\/Aromar-2.jpg\",\"width\":696,\"height\":696,\"caption\":\"Aromar Hotels\"},\"image\":{\"@id\":\"https:\\\/\\\/www.hotelcostabrava.com\\\/en\\\/#\\\/schema\\\/logo\\\/image\\\/\"}},{\"@type\":\"Person\",\"@id\":\"https:\\\/\\\/www.hotelcostabrava.com\\\/en\\\/#\\\/schema\\\/person\\\/b1ca867022e23628bd7054e89c819231\",\"name\":\"Comunicaci\u00f3 Integral Neorg\",\"image\":{\"@type\":\"ImageObject\",\"inLanguage\":\"en-US\",\"@id\":\"https:\\\/\\\/secure.gravatar.com\\\/avatar\\\/709d3d8015183afa7401c02e2291a538cbfd4ffe62f4d86ce5f4871f22e86b09?s=96&d=mm&r=g\",\"url\":\"https:\\\/\\\/secure.gravatar.com\\\/avatar\\\/709d3d8015183afa7401c02e2291a538cbfd4ffe62f4d86ce5f4871f22e86b09?s=96&d=mm&r=g\",\"contentUrl\":\"https:\\\/\\\/secure.gravatar.com\\\/avatar\\\/709d3d8015183afa7401c02e2291a538cbfd4ffe62f4d86ce5f4871f22e86b09?s=96&d=mm&r=g\",\"caption\":\"Comunicaci\u00f3 Integral Neorg\"},\"sameAs\":[\"https:\\\/\\\/www.hotelcostabrava.com\"]}]}<\/script>\n<!-- \/ Yoast SEO plugin. -->","yoast_head_json":{"title":"12th edition of \"Paired Dinners\" | Hotel Costa Brava","robots":{"index":"index","follow":"follow","max-snippet":"max-snippet:-1","max-image-preview":"max-image-preview:large","max-video-preview":"max-video-preview:-1"},"canonical":"https:\/\/www.hotelcostabrava.com\/en\/12th-edition-of-paired-dinners\/","og_locale":"en_US","og_type":"article","og_title":"12th edition of \"Paired Dinners\" | Hotel Costa Brava","og_description":"On 11 October at the Arad\u00ed Restaurant with Celler Maset Plana. Empord\u00e0 cuisine and wines. As it has for 12 years, chefs from the Cuina de l&#8217;Empordanet and wineries with the Empord\u00e0 Denomination of Origin come together to create a unique gastronomic experience. In this edition, the Arad\u00ed Restaurant and Celler Maset Plana combine to&hellip;&nbsp;","og_url":"https:\/\/www.hotelcostabrava.com\/en\/12th-edition-of-paired-dinners\/","og_site_name":"Hotel Costa Brava","article_published_time":"2026-07-13T07:31:05+00:00","og_image":[{"width":2000,"height":1290,"url":"https:\/\/www.hotelcostabrava.com\/wp-content\/uploads\/2026\/07\/CF9B8092.webp","type":"image\/webp"}],"author":"Comunicaci\u00f3 Integral Neorg","twitter_card":"summary_large_image","twitter_misc":{"Written by":"Comunicaci\u00f3 Integral Neorg","Est. reading time":"1 minute"},"schema":{"@context":"https:\/\/schema.org","@graph":[{"@type":"Article","@id":"https:\/\/www.hotelcostabrava.com\/en\/12th-edition-of-paired-dinners\/#article","isPartOf":{"@id":"https:\/\/www.hotelcostabrava.com\/en\/12th-edition-of-paired-dinners\/"},"author":{"name":"Comunicaci\u00f3 Integral Neorg","@id":"https:\/\/www.hotelcostabrava.com\/en\/#\/schema\/person\/b1ca867022e23628bd7054e89c819231"},"headline":"12th edition of &#8220;Paired Dinners&#8221;","datePublished":"2026-07-13T07:31:05+00:00","mainEntityOfPage":{"@id":"https:\/\/www.hotelcostabrava.com\/en\/12th-edition-of-paired-dinners\/"},"wordCount":71,"publisher":{"@id":"https:\/\/www.hotelcostabrava.com\/en\/#organization"},"image":{"@id":"https:\/\/www.hotelcostabrava.com\/en\/12th-edition-of-paired-dinners\/#primaryimage"},"thumbnailUrl":"https:\/\/www.hotelcostabrava.com\/wp-content\/uploads\/2026\/07\/CF9B8092.webp","articleSection":["Aromar Hotels"],"inLanguage":"en-US"},{"@type":"WebPage","@id":"https:\/\/www.hotelcostabrava.com\/en\/12th-edition-of-paired-dinners\/","url":"https:\/\/www.hotelcostabrava.com\/en\/12th-edition-of-paired-dinners\/","name":"12th edition of \"Paired Dinners\" | Hotel Costa Brava","isPartOf":{"@id":"https:\/\/www.hotelcostabrava.com\/en\/#website"},"primaryImageOfPage":{"@id":"https:\/\/www.hotelcostabrava.com\/en\/12th-edition-of-paired-dinners\/#primaryimage"},"image":{"@id":"https:\/\/www.hotelcostabrava.com\/en\/12th-edition-of-paired-dinners\/#primaryimage"},"thumbnailUrl":"https:\/\/www.hotelcostabrava.com\/wp-content\/uploads\/2026\/07\/CF9B8092.webp","datePublished":"2026-07-13T07:31:05+00:00","breadcrumb":{"@id":"https:\/\/www.hotelcostabrava.com\/en\/12th-edition-of-paired-dinners\/#breadcrumb"},"inLanguage":"en-US","potentialAction":[{"@type":"ReadAction","target":["https:\/\/www.hotelcostabrava.com\/en\/12th-edition-of-paired-dinners\/"]}]},{"@type":"ImageObject","inLanguage":"en-US","@id":"https:\/\/www.hotelcostabrava.com\/en\/12th-edition-of-paired-dinners\/#primaryimage","url":"https:\/\/www.hotelcostabrava.com\/wp-content\/uploads\/2026\/07\/CF9B8092.webp","contentUrl":"https:\/\/www.hotelcostabrava.com\/wp-content\/uploads\/2026\/07\/CF9B8092.webp","width":2000,"height":1290},{"@type":"BreadcrumbList","@id":"https:\/\/www.hotelcostabrava.com\/en\/12th-edition-of-paired-dinners\/#breadcrumb","itemListElement":[{"@type":"ListItem","position":1,"name":"Portada","item":"https:\/\/www.hotelcostabrava.com\/en\/"},{"@type":"ListItem","position":2,"name":"12th edition of \u00abPaired Dinners\u00bb"}]},{"@type":"WebSite","@id":"https:\/\/www.hotelcostabrava.com\/en\/#website","url":"https:\/\/www.hotelcostabrava.com\/en\/","name":"Aromar Hotels & Restaurants","description":"Hotel a primera l\u00ednia de mar a Platja d&#039;Aro, Costa Brava","publisher":{"@id":"https:\/\/www.hotelcostabrava.com\/en\/#organization"},"alternateName":"Aromar Hotels & Restaurants","potentialAction":[{"@type":"SearchAction","target":{"@type":"EntryPoint","urlTemplate":"https:\/\/www.hotelcostabrava.com\/en\/?s={search_term_string}"},"query-input":{"@type":"PropertyValueSpecification","valueRequired":true,"valueName":"search_term_string"}}],"inLanguage":"en-US"},{"@type":"Organization","@id":"https:\/\/www.hotelcostabrava.com\/en\/#organization","name":"Aromar Hotels","alternateName":"Aromar Hotels","url":"https:\/\/www.hotelcostabrava.com\/en\/","logo":{"@type":"ImageObject","inLanguage":"en-US","@id":"https:\/\/www.hotelcostabrava.com\/en\/#\/schema\/logo\/image\/","url":"https:\/\/www.hotelcostabrava.com\/wp-content\/uploads\/2024\/04\/Aromar-2.jpg","contentUrl":"https:\/\/www.hotelcostabrava.com\/wp-content\/uploads\/2024\/04\/Aromar-2.jpg","width":696,"height":696,"caption":"Aromar Hotels"},"image":{"@id":"https:\/\/www.hotelcostabrava.com\/en\/#\/schema\/logo\/image\/"}},{"@type":"Person","@id":"https:\/\/www.hotelcostabrava.com\/en\/#\/schema\/person\/b1ca867022e23628bd7054e89c819231","name":"Comunicaci\u00f3 Integral Neorg","image":{"@type":"ImageObject","inLanguage":"en-US","@id":"https:\/\/secure.gravatar.com\/avatar\/709d3d8015183afa7401c02e2291a538cbfd4ffe62f4d86ce5f4871f22e86b09?s=96&d=mm&r=g","url":"https:\/\/secure.gravatar.com\/avatar\/709d3d8015183afa7401c02e2291a538cbfd4ffe62f4d86ce5f4871f22e86b09?s=96&d=mm&r=g","contentUrl":"https:\/\/secure.gravatar.com\/avatar\/709d3d8015183afa7401c02e2291a538cbfd4ffe62f4d86ce5f4871f22e86b09?s=96&d=mm&r=g","caption":"Comunicaci\u00f3 Integral Neorg"},"sameAs":["https:\/\/www.hotelcostabrava.com"]}]}},"_links":{"self":[{"href":"https:\/\/www.hotelcostabrava.com\/en\/wp-json\/wp\/v2\/posts\/9775","targetHints":{"allow":["GET"]}}],"collection":[{"href":"https:\/\/www.hotelcostabrava.com\/en\/wp-json\/wp\/v2\/posts"}],"about":[{"href":"https:\/\/www.hotelcostabrava.com\/en\/wp-json\/wp\/v2\/types\/post"}],"author":[{"embeddable":true,"href":"https:\/\/www.hotelcostabrava.com\/en\/wp-json\/wp\/v2\/users\/1"}],"replies":[{"embeddable":true,"href":"https:\/\/www.hotelcostabrava.com\/en\/wp-json\/wp\/v2\/comments?post=9775"}],"version-history":[{"count":0,"href":"https:\/\/www.hotelcostabrava.com\/en\/wp-json\/wp\/v2\/posts\/9775\/revisions"}],"wp:featuredmedia":[{"embeddable":true,"href":"https:\/\/www.hotelcostabrava.com\/en\/wp-json\/wp\/v2\/media\/8238"}],"wp:attachment":[{"href":"https:\/\/www.hotelcostabrava.com\/en\/wp-json\/wp\/v2\/media?parent=9775"}],"wp:term":[{"taxonomy":"category","embeddable":true,"href":"https:\/\/www.hotelcostabrava.com\/en\/wp-json\/wp\/v2\/categories?post=9775"},{"taxonomy":"post_tag","embeddable":true,"href":"https:\/\/www.hotelcostabrava.com\/en\/wp-json\/wp\/v2\/tags?post=9775"}],"curies":[{"name":"wp","href":"https:\/\/api.w.org\/{rel}","templated":true}]}}