{"id":9793,"date":"2026-07-13T09:33:50","date_gmt":"2026-07-13T07:33:50","guid":{"rendered":"https:\/\/www.hotelcostabrava.com\/12-ausgabe-der-weinbegleiteten-dinner\/"},"modified":"2026-07-13T09:33:50","modified_gmt":"2026-07-13T07:33:50","slug":"12-ausgabe-der-weinbegleiteten-dinner","status":"publish","type":"post","link":"https:\/\/www.hotelcostabrava.com\/de\/12-ausgabe-der-weinbegleiteten-dinner\/","title":{"rendered":"12. Ausgabe der \u00abWeinbegleiteten Dinner\u00bb"},"content":{"rendered":"<p><strong>Am 11. Oktober im Restaurant Arad\u00ed mit dem Celler Maset Plana. K\u00fcche und Weine des Empord\u00e0.<\/strong><\/p>\n<p>Wie seit 12 Jahren vereinen sich K\u00f6che der Cuina de l&#8217;Empordanet und Winzer mit der Ursprungsbezeichnung Empord\u00e0, um ein einzigartiges gastronomisches Erlebnis zu schaffen.<\/p>\n<p>In dieser Ausgabe verbinden sich das Restaurant Arad\u00ed und der Celler Maset Plana zu einem hochwertigen Angebot, das mit allen Sinnen genossen werden soll.<\/p>\n","protected":false},"excerpt":{"rendered":"<p>Am 11. Oktober im Restaurant Arad\u00ed mit dem Celler Maset Plana. K\u00fcche und Weine des Empord\u00e0. Wie seit 12 Jahren vereinen sich K\u00f6che der Cuina de l&#8217;Empordanet und Winzer mit der Ursprungsbezeichnung Empord\u00e0, um ein einzigartiges gastronomisches Erlebnis zu schaffen. In dieser Ausgabe verbinden sich das Restaurant Arad\u00ed und der Celler Maset Plana zu einem&hellip;&nbsp;<\/p>\n","protected":false},"author":1,"featured_media":8238,"comment_status":"closed","ping_status":"closed","sticky":false,"template":"","format":"standard","meta":{"_acf_changed":false,"neve_meta_sidebar":"","neve_meta_container":"","neve_meta_enable_content_width":"off","neve_meta_content_width":70,"neve_meta_title_alignment":"","neve_meta_author_avatar":"","neve_post_elements_order":"","neve_meta_disable_header":"","neve_meta_disable_footer":"","neve_meta_disable_title":"","neve_meta_reading_time":"","footnotes":""},"categories":[1],"tags":[],"class_list":["post-9793","post","type-post","status-publish","format-standard","has-post-thumbnail","hentry","category-uncategorized-ca"],"acf":[],"yoast_head":"<!-- This site is optimized with the Yoast SEO plugin v28.4 - https:\/\/yoast.com\/product\/yoast-seo-wordpress\/ -->\n<title>12. Ausgabe der \u00abWeinbegleiteten Dinner\u00bb | Hotel Costa Brava<\/title>\n<meta name=\"robots\" content=\"index, follow, max-snippet:-1, max-image-preview:large, max-video-preview:-1\" \/>\n<link rel=\"canonical\" href=\"https:\/\/www.hotelcostabrava.com\/de\/12-ausgabe-der-weinbegleiteten-dinner\/\" \/>\n<meta property=\"og:locale\" content=\"de_DE\" \/>\n<meta property=\"og:type\" content=\"article\" \/>\n<meta property=\"og:title\" content=\"12. Ausgabe der \u00abWeinbegleiteten Dinner\u00bb | Hotel Costa Brava\" \/>\n<meta property=\"og:description\" content=\"Am 11. Oktober im Restaurant Arad\u00ed mit dem Celler Maset Plana. K\u00fcche und Weine des Empord\u00e0. Wie seit 12 Jahren vereinen sich K\u00f6che der Cuina de l&#8217;Empordanet und Winzer mit der Ursprungsbezeichnung Empord\u00e0, um ein einzigartiges gastronomisches Erlebnis zu schaffen. In dieser Ausgabe verbinden sich das Restaurant Arad\u00ed und der Celler Maset Plana zu einem&hellip;&nbsp;\" \/>\n<meta property=\"og:url\" content=\"https:\/\/www.hotelcostabrava.com\/de\/12-ausgabe-der-weinbegleiteten-dinner\/\" \/>\n<meta property=\"og:site_name\" content=\"Hotel Costa Brava\" \/>\n<meta property=\"article:published_time\" content=\"2026-07-13T07:33:50+00:00\" \/>\n<meta property=\"og:image\" content=\"https:\/\/www.hotelcostabrava.com\/wp-content\/uploads\/2026\/07\/CF9B8092.webp\" \/>\n\t<meta property=\"og:image:width\" content=\"2000\" \/>\n\t<meta property=\"og:image:height\" content=\"1290\" \/>\n\t<meta property=\"og:image:type\" content=\"image\/webp\" \/>\n<meta name=\"author\" content=\"Comunicaci\u00f3 Integral Neorg\" \/>\n<meta name=\"twitter:card\" content=\"summary_large_image\" \/>\n<meta name=\"twitter:label1\" content=\"Verfasst von\" \/>\n\t<meta name=\"twitter:data1\" content=\"Comunicaci\u00f3 Integral Neorg\" \/>\n\t<meta name=\"twitter:label2\" content=\"Gesch\u00e4tzte Lesezeit\" \/>\n\t<meta name=\"twitter:data2\" content=\"1\u00a0Minute\" \/>\n<script type=\"application\/ld+json\" class=\"yoast-schema-graph\">{\"@context\":\"https:\\\/\\\/schema.org\",\"@graph\":[{\"@type\":\"Article\",\"@id\":\"https:\\\/\\\/www.hotelcostabrava.com\\\/de\\\/12-ausgabe-der-weinbegleiteten-dinner\\\/#article\",\"isPartOf\":{\"@id\":\"https:\\\/\\\/www.hotelcostabrava.com\\\/de\\\/12-ausgabe-der-weinbegleiteten-dinner\\\/\"},\"author\":{\"name\":\"Comunicaci\u00f3 Integral Neorg\",\"@id\":\"https:\\\/\\\/www.hotelcostabrava.com\\\/de\\\/#\\\/schema\\\/person\\\/b1ca867022e23628bd7054e89c819231\"},\"headline\":\"12. Ausgabe der \u00abWeinbegleiteten Dinner\u00bb\",\"datePublished\":\"2026-07-13T07:33:50+00:00\",\"mainEntityOfPage\":{\"@id\":\"https:\\\/\\\/www.hotelcostabrava.com\\\/de\\\/12-ausgabe-der-weinbegleiteten-dinner\\\/\"},\"wordCount\":69,\"publisher\":{\"@id\":\"https:\\\/\\\/www.hotelcostabrava.com\\\/de\\\/#organization\"},\"image\":{\"@id\":\"https:\\\/\\\/www.hotelcostabrava.com\\\/de\\\/12-ausgabe-der-weinbegleiteten-dinner\\\/#primaryimage\"},\"thumbnailUrl\":\"https:\\\/\\\/www.hotelcostabrava.com\\\/wp-content\\\/uploads\\\/2026\\\/07\\\/CF9B8092.webp\",\"articleSection\":[\"Aromar Hotels\"],\"inLanguage\":\"de\"},{\"@type\":\"WebPage\",\"@id\":\"https:\\\/\\\/www.hotelcostabrava.com\\\/de\\\/12-ausgabe-der-weinbegleiteten-dinner\\\/\",\"url\":\"https:\\\/\\\/www.hotelcostabrava.com\\\/de\\\/12-ausgabe-der-weinbegleiteten-dinner\\\/\",\"name\":\"12. Ausgabe der \u00abWeinbegleiteten Dinner\u00bb | Hotel Costa Brava\",\"isPartOf\":{\"@id\":\"https:\\\/\\\/www.hotelcostabrava.com\\\/de\\\/#website\"},\"primaryImageOfPage\":{\"@id\":\"https:\\\/\\\/www.hotelcostabrava.com\\\/de\\\/12-ausgabe-der-weinbegleiteten-dinner\\\/#primaryimage\"},\"image\":{\"@id\":\"https:\\\/\\\/www.hotelcostabrava.com\\\/de\\\/12-ausgabe-der-weinbegleiteten-dinner\\\/#primaryimage\"},\"thumbnailUrl\":\"https:\\\/\\\/www.hotelcostabrava.com\\\/wp-content\\\/uploads\\\/2026\\\/07\\\/CF9B8092.webp\",\"datePublished\":\"2026-07-13T07:33:50+00:00\",\"breadcrumb\":{\"@id\":\"https:\\\/\\\/www.hotelcostabrava.com\\\/de\\\/12-ausgabe-der-weinbegleiteten-dinner\\\/#breadcrumb\"},\"inLanguage\":\"de\",\"potentialAction\":[{\"@type\":\"ReadAction\",\"target\":[\"https:\\\/\\\/www.hotelcostabrava.com\\\/de\\\/12-ausgabe-der-weinbegleiteten-dinner\\\/\"]}]},{\"@type\":\"ImageObject\",\"inLanguage\":\"de\",\"@id\":\"https:\\\/\\\/www.hotelcostabrava.com\\\/de\\\/12-ausgabe-der-weinbegleiteten-dinner\\\/#primaryimage\",\"url\":\"https:\\\/\\\/www.hotelcostabrava.com\\\/wp-content\\\/uploads\\\/2026\\\/07\\\/CF9B8092.webp\",\"contentUrl\":\"https:\\\/\\\/www.hotelcostabrava.com\\\/wp-content\\\/uploads\\\/2026\\\/07\\\/CF9B8092.webp\",\"width\":2000,\"height\":1290},{\"@type\":\"BreadcrumbList\",\"@id\":\"https:\\\/\\\/www.hotelcostabrava.com\\\/de\\\/12-ausgabe-der-weinbegleiteten-dinner\\\/#breadcrumb\",\"itemListElement\":[{\"@type\":\"ListItem\",\"position\":1,\"name\":\"Portada\",\"item\":\"https:\\\/\\\/www.hotelcostabrava.com\\\/de\\\/\"},{\"@type\":\"ListItem\",\"position\":2,\"name\":\"12. Ausgabe der \u00abWeinbegleiteten Dinner\u00bb\"}]},{\"@type\":\"WebSite\",\"@id\":\"https:\\\/\\\/www.hotelcostabrava.com\\\/de\\\/#website\",\"url\":\"https:\\\/\\\/www.hotelcostabrava.com\\\/de\\\/\",\"name\":\"Aromar Hotels & Restaurants\",\"description\":\"Hotel a primera l\u00ednia de mar a Platja d&#039;Aro, Costa Brava\",\"publisher\":{\"@id\":\"https:\\\/\\\/www.hotelcostabrava.com\\\/de\\\/#organization\"},\"alternateName\":\"Aromar Hotels & Restaurants\",\"potentialAction\":[{\"@type\":\"SearchAction\",\"target\":{\"@type\":\"EntryPoint\",\"urlTemplate\":\"https:\\\/\\\/www.hotelcostabrava.com\\\/de\\\/?s={search_term_string}\"},\"query-input\":{\"@type\":\"PropertyValueSpecification\",\"valueRequired\":true,\"valueName\":\"search_term_string\"}}],\"inLanguage\":\"de\"},{\"@type\":\"Organization\",\"@id\":\"https:\\\/\\\/www.hotelcostabrava.com\\\/de\\\/#organization\",\"name\":\"Aromar Hotels\",\"alternateName\":\"Aromar Hotels\",\"url\":\"https:\\\/\\\/www.hotelcostabrava.com\\\/de\\\/\",\"logo\":{\"@type\":\"ImageObject\",\"inLanguage\":\"de\",\"@id\":\"https:\\\/\\\/www.hotelcostabrava.com\\\/de\\\/#\\\/schema\\\/logo\\\/image\\\/\",\"url\":\"https:\\\/\\\/www.hotelcostabrava.com\\\/wp-content\\\/uploads\\\/2024\\\/04\\\/Aromar-2.jpg\",\"contentUrl\":\"https:\\\/\\\/www.hotelcostabrava.com\\\/wp-content\\\/uploads\\\/2024\\\/04\\\/Aromar-2.jpg\",\"width\":696,\"height\":696,\"caption\":\"Aromar Hotels\"},\"image\":{\"@id\":\"https:\\\/\\\/www.hotelcostabrava.com\\\/de\\\/#\\\/schema\\\/logo\\\/image\\\/\"}},{\"@type\":\"Person\",\"@id\":\"https:\\\/\\\/www.hotelcostabrava.com\\\/de\\\/#\\\/schema\\\/person\\\/b1ca867022e23628bd7054e89c819231\",\"name\":\"Comunicaci\u00f3 Integral Neorg\",\"image\":{\"@type\":\"ImageObject\",\"inLanguage\":\"de\",\"@id\":\"https:\\\/\\\/secure.gravatar.com\\\/avatar\\\/709d3d8015183afa7401c02e2291a538cbfd4ffe62f4d86ce5f4871f22e86b09?s=96&d=mm&r=g\",\"url\":\"https:\\\/\\\/secure.gravatar.com\\\/avatar\\\/709d3d8015183afa7401c02e2291a538cbfd4ffe62f4d86ce5f4871f22e86b09?s=96&d=mm&r=g\",\"contentUrl\":\"https:\\\/\\\/secure.gravatar.com\\\/avatar\\\/709d3d8015183afa7401c02e2291a538cbfd4ffe62f4d86ce5f4871f22e86b09?s=96&d=mm&r=g\",\"caption\":\"Comunicaci\u00f3 Integral Neorg\"},\"sameAs\":[\"https:\\\/\\\/www.hotelcostabrava.com\"]}]}<\/script>\n<!-- \/ Yoast SEO plugin. -->","yoast_head_json":{"title":"12. Ausgabe der \u00abWeinbegleiteten Dinner\u00bb | Hotel Costa Brava","robots":{"index":"index","follow":"follow","max-snippet":"max-snippet:-1","max-image-preview":"max-image-preview:large","max-video-preview":"max-video-preview:-1"},"canonical":"https:\/\/www.hotelcostabrava.com\/de\/12-ausgabe-der-weinbegleiteten-dinner\/","og_locale":"de_DE","og_type":"article","og_title":"12. Ausgabe der \u00abWeinbegleiteten Dinner\u00bb | Hotel Costa Brava","og_description":"Am 11. Oktober im Restaurant Arad\u00ed mit dem Celler Maset Plana. K\u00fcche und Weine des Empord\u00e0. Wie seit 12 Jahren vereinen sich K\u00f6che der Cuina de l&#8217;Empordanet und Winzer mit der Ursprungsbezeichnung Empord\u00e0, um ein einzigartiges gastronomisches Erlebnis zu schaffen. In dieser Ausgabe verbinden sich das Restaurant Arad\u00ed und der Celler Maset Plana zu einem&hellip;&nbsp;","og_url":"https:\/\/www.hotelcostabrava.com\/de\/12-ausgabe-der-weinbegleiteten-dinner\/","og_site_name":"Hotel Costa Brava","article_published_time":"2026-07-13T07:33:50+00:00","og_image":[{"width":2000,"height":1290,"url":"https:\/\/www.hotelcostabrava.com\/wp-content\/uploads\/2026\/07\/CF9B8092.webp","type":"image\/webp"}],"author":"Comunicaci\u00f3 Integral Neorg","twitter_card":"summary_large_image","twitter_misc":{"Verfasst von":"Comunicaci\u00f3 Integral Neorg","Gesch\u00e4tzte Lesezeit":"1\u00a0Minute"},"schema":{"@context":"https:\/\/schema.org","@graph":[{"@type":"Article","@id":"https:\/\/www.hotelcostabrava.com\/de\/12-ausgabe-der-weinbegleiteten-dinner\/#article","isPartOf":{"@id":"https:\/\/www.hotelcostabrava.com\/de\/12-ausgabe-der-weinbegleiteten-dinner\/"},"author":{"name":"Comunicaci\u00f3 Integral Neorg","@id":"https:\/\/www.hotelcostabrava.com\/de\/#\/schema\/person\/b1ca867022e23628bd7054e89c819231"},"headline":"12. Ausgabe der \u00abWeinbegleiteten Dinner\u00bb","datePublished":"2026-07-13T07:33:50+00:00","mainEntityOfPage":{"@id":"https:\/\/www.hotelcostabrava.com\/de\/12-ausgabe-der-weinbegleiteten-dinner\/"},"wordCount":69,"publisher":{"@id":"https:\/\/www.hotelcostabrava.com\/de\/#organization"},"image":{"@id":"https:\/\/www.hotelcostabrava.com\/de\/12-ausgabe-der-weinbegleiteten-dinner\/#primaryimage"},"thumbnailUrl":"https:\/\/www.hotelcostabrava.com\/wp-content\/uploads\/2026\/07\/CF9B8092.webp","articleSection":["Aromar Hotels"],"inLanguage":"de"},{"@type":"WebPage","@id":"https:\/\/www.hotelcostabrava.com\/de\/12-ausgabe-der-weinbegleiteten-dinner\/","url":"https:\/\/www.hotelcostabrava.com\/de\/12-ausgabe-der-weinbegleiteten-dinner\/","name":"12. Ausgabe der \u00abWeinbegleiteten Dinner\u00bb | Hotel Costa Brava","isPartOf":{"@id":"https:\/\/www.hotelcostabrava.com\/de\/#website"},"primaryImageOfPage":{"@id":"https:\/\/www.hotelcostabrava.com\/de\/12-ausgabe-der-weinbegleiteten-dinner\/#primaryimage"},"image":{"@id":"https:\/\/www.hotelcostabrava.com\/de\/12-ausgabe-der-weinbegleiteten-dinner\/#primaryimage"},"thumbnailUrl":"https:\/\/www.hotelcostabrava.com\/wp-content\/uploads\/2026\/07\/CF9B8092.webp","datePublished":"2026-07-13T07:33:50+00:00","breadcrumb":{"@id":"https:\/\/www.hotelcostabrava.com\/de\/12-ausgabe-der-weinbegleiteten-dinner\/#breadcrumb"},"inLanguage":"de","potentialAction":[{"@type":"ReadAction","target":["https:\/\/www.hotelcostabrava.com\/de\/12-ausgabe-der-weinbegleiteten-dinner\/"]}]},{"@type":"ImageObject","inLanguage":"de","@id":"https:\/\/www.hotelcostabrava.com\/de\/12-ausgabe-der-weinbegleiteten-dinner\/#primaryimage","url":"https:\/\/www.hotelcostabrava.com\/wp-content\/uploads\/2026\/07\/CF9B8092.webp","contentUrl":"https:\/\/www.hotelcostabrava.com\/wp-content\/uploads\/2026\/07\/CF9B8092.webp","width":2000,"height":1290},{"@type":"BreadcrumbList","@id":"https:\/\/www.hotelcostabrava.com\/de\/12-ausgabe-der-weinbegleiteten-dinner\/#breadcrumb","itemListElement":[{"@type":"ListItem","position":1,"name":"Portada","item":"https:\/\/www.hotelcostabrava.com\/de\/"},{"@type":"ListItem","position":2,"name":"12. Ausgabe der \u00abWeinbegleiteten Dinner\u00bb"}]},{"@type":"WebSite","@id":"https:\/\/www.hotelcostabrava.com\/de\/#website","url":"https:\/\/www.hotelcostabrava.com\/de\/","name":"Aromar Hotels & Restaurants","description":"Hotel a primera l\u00ednia de mar a Platja d&#039;Aro, Costa Brava","publisher":{"@id":"https:\/\/www.hotelcostabrava.com\/de\/#organization"},"alternateName":"Aromar Hotels & Restaurants","potentialAction":[{"@type":"SearchAction","target":{"@type":"EntryPoint","urlTemplate":"https:\/\/www.hotelcostabrava.com\/de\/?s={search_term_string}"},"query-input":{"@type":"PropertyValueSpecification","valueRequired":true,"valueName":"search_term_string"}}],"inLanguage":"de"},{"@type":"Organization","@id":"https:\/\/www.hotelcostabrava.com\/de\/#organization","name":"Aromar Hotels","alternateName":"Aromar Hotels","url":"https:\/\/www.hotelcostabrava.com\/de\/","logo":{"@type":"ImageObject","inLanguage":"de","@id":"https:\/\/www.hotelcostabrava.com\/de\/#\/schema\/logo\/image\/","url":"https:\/\/www.hotelcostabrava.com\/wp-content\/uploads\/2024\/04\/Aromar-2.jpg","contentUrl":"https:\/\/www.hotelcostabrava.com\/wp-content\/uploads\/2024\/04\/Aromar-2.jpg","width":696,"height":696,"caption":"Aromar Hotels"},"image":{"@id":"https:\/\/www.hotelcostabrava.com\/de\/#\/schema\/logo\/image\/"}},{"@type":"Person","@id":"https:\/\/www.hotelcostabrava.com\/de\/#\/schema\/person\/b1ca867022e23628bd7054e89c819231","name":"Comunicaci\u00f3 Integral Neorg","image":{"@type":"ImageObject","inLanguage":"de","@id":"https:\/\/secure.gravatar.com\/avatar\/709d3d8015183afa7401c02e2291a538cbfd4ffe62f4d86ce5f4871f22e86b09?s=96&d=mm&r=g","url":"https:\/\/secure.gravatar.com\/avatar\/709d3d8015183afa7401c02e2291a538cbfd4ffe62f4d86ce5f4871f22e86b09?s=96&d=mm&r=g","contentUrl":"https:\/\/secure.gravatar.com\/avatar\/709d3d8015183afa7401c02e2291a538cbfd4ffe62f4d86ce5f4871f22e86b09?s=96&d=mm&r=g","caption":"Comunicaci\u00f3 Integral Neorg"},"sameAs":["https:\/\/www.hotelcostabrava.com"]}]}},"_links":{"self":[{"href":"https:\/\/www.hotelcostabrava.com\/de\/wp-json\/wp\/v2\/posts\/9793","targetHints":{"allow":["GET"]}}],"collection":[{"href":"https:\/\/www.hotelcostabrava.com\/de\/wp-json\/wp\/v2\/posts"}],"about":[{"href":"https:\/\/www.hotelcostabrava.com\/de\/wp-json\/wp\/v2\/types\/post"}],"author":[{"embeddable":true,"href":"https:\/\/www.hotelcostabrava.com\/de\/wp-json\/wp\/v2\/users\/1"}],"replies":[{"embeddable":true,"href":"https:\/\/www.hotelcostabrava.com\/de\/wp-json\/wp\/v2\/comments?post=9793"}],"version-history":[{"count":0,"href":"https:\/\/www.hotelcostabrava.com\/de\/wp-json\/wp\/v2\/posts\/9793\/revisions"}],"wp:featuredmedia":[{"embeddable":true,"href":"https:\/\/www.hotelcostabrava.com\/de\/wp-json\/wp\/v2\/media\/8238"}],"wp:attachment":[{"href":"https:\/\/www.hotelcostabrava.com\/de\/wp-json\/wp\/v2\/media?parent=9793"}],"wp:term":[{"taxonomy":"category","embeddable":true,"href":"https:\/\/www.hotelcostabrava.com\/de\/wp-json\/wp\/v2\/categories?post=9793"},{"taxonomy":"post_tag","embeddable":true,"href":"https:\/\/www.hotelcostabrava.com\/de\/wp-json\/wp\/v2\/tags?post=9793"}],"curies":[{"name":"wp","href":"https:\/\/api.w.org\/{rel}","templated":true}]}}